{"id":109452,"date":"2022-08-05T13:36:13","date_gmt":"2022-08-05T16:36:13","guid":{"rendered":"https:\/\/eldiariodesanpedro.com.ar\/sitio\/?p=109452"},"modified":"2022-08-05T13:37:26","modified_gmt":"2022-08-05T16:37:26","slug":"allanamiento-y-detencion-por-dos-hechos-diferentes","status":"publish","type":"post","link":"https:\/\/eldiariodesanpedro.com.ar\/sitio\/allanamiento-y-detencion-por-dos-hechos-diferentes\/","title":{"rendered":"Allanamiento y detenci\u00f3n por dos hechos diferentes"},"content":{"rendered":"<!-- VideographyWP Plugin Message: Automatic video embedding prevented by plugin options. -->\n\n<p>En la fecha ra\u00edz denuncia bajo la caratula \u201camenazas\u201d iniciada en la Comisaria de la Mujer de San Pedro, el personal del GTO, tras tareas investigativas y elementos de prueba recabados solicito diligencia de registro de allanamiento para con domicilio de calle Mateo Sbert al 300 la cual se ejecuto en horas de la tarde, procediendo al secuestro de arma de fuego tipo revolver cal 38.<\/p>\n\n\n\n<p>La fiscal\u00eda en turno de la UFI 11 dispuso notificaci\u00f3n del art\u00edculo 60 del C.P.P. En la misma diligencia se procedi\u00f3 a la aprehensi\u00f3n de un segundo masculino que se hallaba en el lugar sobre quien pesaba pedido de captura activa por el delito de \u201churto agravado por escalamiento-robo\u201d de fecha 0 de mayo de 2019 con la intervenci\u00f3n de la UFI del Joven, quedando a disposici\u00f3n de la fiscal\u00eda interviniente.<\/p>\n\n\n\n<p>(Foto Ilustrativa)<\/p>\n","protected":false},"excerpt":{"rendered":"<p>En la fecha ra\u00edz denuncia bajo la caratula \u201camenazas\u201d iniciada en la Comisaria de la Mujer de San Pedro, el personal del GTO, tras tareas investigativas y elementos de prueba recabados solicito diligencia de registro de allanamiento para con domicilio de calle Mateo Sbert al 300 la cual se ejecuto en horas de la tarde, [&hellip;]<\/p>\n","protected":false},"author":4,"featured_media":69499,"comment_status":"closed","ping_status":"closed","sticky":false,"template":"","format":"standard","meta":{"om_disable_all_campaigns":false,"_jetpack_memberships_contains_paid_content":false,"footnotes":""},"categories":[2,103],"tags":[197,33,95,19],"class_list":["post-109452","post","type-post","status-publish","format-standard","has-post-thumbnail","hentry","category-locales","category-policiales-locales","tag-buenos-aires","tag-locales","tag-policiales","tag-san-pedro"],"aioseo_notices":[],"gutentor_comment":0,"jetpack_featured_media_url":"https:\/\/eldiariodesanpedro.com.ar\/sitio\/wp-content\/uploads\/2020\/02\/img-20190409-wa0006.jpg","jetpack_shortlink":"https:\/\/wp.me\/p6RhLt-stm","jetpack_sharing_enabled":true,"_links":{"self":[{"href":"https:\/\/eldiariodesanpedro.com.ar\/sitio\/wp-json\/wp\/v2\/posts\/109452","targetHints":{"allow":["GET"]}}],"collection":[{"href":"https:\/\/eldiariodesanpedro.com.ar\/sitio\/wp-json\/wp\/v2\/posts"}],"about":[{"href":"https:\/\/eldiariodesanpedro.com.ar\/sitio\/wp-json\/wp\/v2\/types\/post"}],"author":[{"embeddable":true,"href":"https:\/\/eldiariodesanpedro.com.ar\/sitio\/wp-json\/wp\/v2\/users\/4"}],"replies":[{"embeddable":true,"href":"https:\/\/eldiariodesanpedro.com.ar\/sitio\/wp-json\/wp\/v2\/comments?post=109452"}],"version-history":[{"count":2,"href":"https:\/\/eldiariodesanpedro.com.ar\/sitio\/wp-json\/wp\/v2\/posts\/109452\/revisions"}],"predecessor-version":[{"id":109454,"href":"https:\/\/eldiariodesanpedro.com.ar\/sitio\/wp-json\/wp\/v2\/posts\/109452\/revisions\/109454"}],"wp:featuredmedia":[{"embeddable":true,"href":"https:\/\/eldiariodesanpedro.com.ar\/sitio\/wp-json\/wp\/v2\/media\/69499"}],"wp:attachment":[{"href":"https:\/\/eldiariodesanpedro.com.ar\/sitio\/wp-json\/wp\/v2\/media?parent=109452"}],"wp:term":[{"taxonomy":"category","embeddable":true,"href":"https:\/\/eldiariodesanpedro.com.ar\/sitio\/wp-json\/wp\/v2\/categories?post=109452"},{"taxonomy":"post_tag","embeddable":true,"href":"https:\/\/eldiariodesanpedro.com.ar\/sitio\/wp-json\/wp\/v2\/tags?post=109452"}],"curies":[{"name":"wp","href":"https:\/\/api.w.org\/{rel}","templated":true}]}}