{"id":109447,"date":"2022-08-04T20:48:45","date_gmt":"2022-08-04T23:48:45","guid":{"rendered":"https:\/\/eldiariodesanpedro.com.ar\/sitio\/?p=109447"},"modified":"2022-08-04T20:48:47","modified_gmt":"2022-08-04T23:48:47","slug":"confirmado-eliseo-almada-renuncio-a-la-presidencia-del-consorcio-de-gestion-del-puerto","status":"publish","type":"post","link":"https:\/\/eldiariodesanpedro.com.ar\/sitio\/confirmado-eliseo-almada-renuncio-a-la-presidencia-del-consorcio-de-gestion-del-puerto\/","title":{"rendered":"Confirmado: Eliseo Almada renunci\u00f3 a la presidencia del Consorcio de Gesti\u00f3n del Puerto"},"content":{"rendered":"<!-- VideographyWP Plugin Message: Automatic video embedding prevented by plugin options. -->\n\n<p>El propio representante portuario asegur\u00f3 a FM G\u00e9nesis que present\u00f3 la renuncia al cargo que ocupaba pero que los integrantes del cuerpo no se la aceptaron.<\/p>\n\n\n\n<p>Despu\u00e9s de varios d\u00edas de idas y vueltas el propio Eliseo Almada confirm\u00f3 a FM G\u00e9nesis que tom\u00f3 la decisi\u00f3n de renunciar a su cargo de Presidente del Consorcio de Gesti\u00f3n del Puerto de San Pedro.<\/p>\n\n\n\n<p>Adem\u00e1s manifest\u00f3 que los integrantes del cuerpo no se la aceptaron.<\/p>\n\n\n\n<p>Si bien no trascendieron los motivos de su postura en las pr\u00f3ximas horas deber\u00e1 definirse la situaci\u00f3n de Almada, si la decisi\u00f3n es indeclinable o continua en la presidencia.<\/p>\n\n\n\n<p>Fuente: <a href=\"https:\/\/www.sanpedroinforma.com.ar\/news-125141-confirmado-eliseo-almada-renunci%C3%B3-a-la-presidencia-del-consorcio-de-gesti%C3%B3n-del-puerto\">San Pedro Informa<\/a><\/p>\n","protected":false},"excerpt":{"rendered":"<p>El propio representante portuario asegur\u00f3 a FM G\u00e9nesis que present\u00f3 la renuncia al cargo que ocupaba pero que los integrantes del cuerpo no se la aceptaron. Despu\u00e9s de varios d\u00edas de idas y vueltas el propio Eliseo Almada confirm\u00f3 a FM G\u00e9nesis que tom\u00f3 la decisi\u00f3n de renunciar a su cargo de Presidente del Consorcio [&hellip;]<\/p>\n","protected":false},"author":4,"featured_media":109448,"comment_status":"closed","ping_status":"closed","sticky":false,"template":"","format":"standard","meta":{"om_disable_all_campaigns":false,"_jetpack_memberships_contains_paid_content":false,"footnotes":""},"categories":[50,101,2],"tags":[],"class_list":["post-109447","post","type-post","status-publish","format-standard","has-post-thumbnail","hentry","category-destacadas","category-interes-general-locales","category-locales"],"aioseo_notices":[],"gutentor_comment":0,"jetpack_featured_media_url":"https:\/\/eldiariodesanpedro.com.ar\/sitio\/wp-content\/uploads\/2022\/08\/0000021103-resized-1920x1080-1.jpg","jetpack_shortlink":"https:\/\/wp.me\/p6RhLt-sth","jetpack_sharing_enabled":true,"_links":{"self":[{"href":"https:\/\/eldiariodesanpedro.com.ar\/sitio\/wp-json\/wp\/v2\/posts\/109447","targetHints":{"allow":["GET"]}}],"collection":[{"href":"https:\/\/eldiariodesanpedro.com.ar\/sitio\/wp-json\/wp\/v2\/posts"}],"about":[{"href":"https:\/\/eldiariodesanpedro.com.ar\/sitio\/wp-json\/wp\/v2\/types\/post"}],"author":[{"embeddable":true,"href":"https:\/\/eldiariodesanpedro.com.ar\/sitio\/wp-json\/wp\/v2\/users\/4"}],"replies":[{"embeddable":true,"href":"https:\/\/eldiariodesanpedro.com.ar\/sitio\/wp-json\/wp\/v2\/comments?post=109447"}],"version-history":[{"count":1,"href":"https:\/\/eldiariodesanpedro.com.ar\/sitio\/wp-json\/wp\/v2\/posts\/109447\/revisions"}],"predecessor-version":[{"id":109449,"href":"https:\/\/eldiariodesanpedro.com.ar\/sitio\/wp-json\/wp\/v2\/posts\/109447\/revisions\/109449"}],"wp:featuredmedia":[{"embeddable":true,"href":"https:\/\/eldiariodesanpedro.com.ar\/sitio\/wp-json\/wp\/v2\/media\/109448"}],"wp:attachment":[{"href":"https:\/\/eldiariodesanpedro.com.ar\/sitio\/wp-json\/wp\/v2\/media?parent=109447"}],"wp:term":[{"taxonomy":"category","embeddable":true,"href":"https:\/\/eldiariodesanpedro.com.ar\/sitio\/wp-json\/wp\/v2\/categories?post=109447"},{"taxonomy":"post_tag","embeddable":true,"href":"https:\/\/eldiariodesanpedro.com.ar\/sitio\/wp-json\/wp\/v2\/tags?post=109447"}],"curies":[{"name":"wp","href":"https:\/\/api.w.org\/{rel}","templated":true}]}}