{"id":109433,"date":"2022-08-04T19:26:40","date_gmt":"2022-08-04T22:26:40","guid":{"rendered":"https:\/\/eldiariodesanpedro.com.ar\/sitio\/?p=109433"},"modified":"2022-08-04T19:26:42","modified_gmt":"2022-08-04T22:26:42","slug":"reunion-en-el-ministerio-de-infraestructura-para-la-continuacion-de-las-obras-de-ruta-191-y-1001-entre-otras","status":"publish","type":"post","link":"https:\/\/eldiariodesanpedro.com.ar\/sitio\/reunion-en-el-ministerio-de-infraestructura-para-la-continuacion-de-las-obras-de-ruta-191-y-1001-entre-otras\/","title":{"rendered":"Reuni\u00f3n en el Ministerio de Infraestructura para la continuaci\u00f3n de las obras de ruta 191 y 1001 entre otras"},"content":{"rendered":"<!-- VideographyWP Plugin Message: Automatic video embedding prevented by plugin options. -->\n\n<p>Esta ma\u00f1ana, el Intendente Dr. Ram\u00f3n Salazar se reuni\u00f3 con el Ministro de Infraestructura de la Provincia de Buenos Aires, Leonardo Nardini junto al ex Intendente y actual integrante del Directorio de Trenes Argentinos Cargas, Cecilio Salazar y el Secretario de Obras Planeamiento y Catastro Dr. Javier Silva para realizar un seguimiento a los proyectos de corto y mediano plazo que dependen del \u00e1rea y que, como todas las obras p\u00fablicas, requieren un replanteo ante el contexto inflacionario y presupuestario actual.<\/p>\n\n\n\n<p>La continuidad de la obra de repavimentaci\u00f3n de la Ruta Provincial 191 que est\u00e1 en marcha, m\u00e1s la repavimentaci\u00f3n e iluminaci\u00f3n de la Ruta 1001 son obras muy importantes para la gesti\u00f3n municipal y para toda la comunidad sampedrina, por lo tanto, desde el gobierno local se solicit\u00f3 que se tenga especial consideraci\u00f3n para su continuidad y concreci\u00f3n.<\/p>\n\n\n\n<p>Durante el encuentro se refirieron a los convenios firmados para llevar a cabo las distintas etapas del Plan de Pavimentaci\u00f3n, financiadas por el Gobierno de la Provincia de Buenos Aires, que cuenta entre otros proyectos, con una primera etapa que abarca m\u00e1s de 30 cuadras.<\/p>\n\n\n\n<p>El ministro recibi\u00f3 las inquietudes formuladas y manifest\u00f3 que el Gobierno Provincial llevar\u00e1 adelante todas las medidas correspondientes para que el esquema de obras no se detenga.<\/p>\n\n\n\n<figure class=\"wp-block-image size-full\"><img decoding=\"async\" width=\"945\" height=\"630\" data-attachment-id=\"109436\" data-permalink=\"https:\/\/eldiariodesanpedro.com.ar\/sitio\/reunion-en-el-ministerio-de-infraestructura-para-la-continuacion-de-las-obras-de-ruta-191-y-1001-entre-otras\/whatsapp-image-2022-08-04-at-5-45-13-pm-2\/\" data-orig-file=\"https:\/\/eldiariodesanpedro.com.ar\/sitio\/wp-content\/uploads\/2022\/08\/WhatsApp-Image-2022-08-04-at-5.45.13-PM-2.jpeg\" data-orig-size=\"945,630\" data-comments-opened=\"0\" data-image-meta=\"{&quot;aperture&quot;:&quot;0&quot;,&quot;credit&quot;:&quot;&quot;,&quot;camera&quot;:&quot;&quot;,&quot;caption&quot;:&quot;&quot;,&quot;created_timestamp&quot;:&quot;0&quot;,&quot;copyright&quot;:&quot;&quot;,&quot;focal_length&quot;:&quot;0&quot;,&quot;iso&quot;:&quot;0&quot;,&quot;shutter_speed&quot;:&quot;0&quot;,&quot;title&quot;:&quot;&quot;,&quot;orientation&quot;:&quot;0&quot;}\" data-image-title=\"WhatsApp Image 2022-08-04 at 5.45.13 PM (2)\" data-image-description=\"\" data-image-caption=\"\" data-large-file=\"https:\/\/eldiariodesanpedro.com.ar\/sitio\/wp-content\/uploads\/2022\/08\/WhatsApp-Image-2022-08-04-at-5.45.13-PM-2.jpeg\" data-src=\"https:\/\/eldiariodesanpedro.com.ar\/sitio\/wp-content\/uploads\/2022\/08\/WhatsApp-Image-2022-08-04-at-5.45.13-PM-2.jpeg\" alt=\"\" class=\"wp-image-109436 lazyload\" data-srcset=\"https:\/\/eldiariodesanpedro.com.ar\/sitio\/wp-content\/uploads\/2022\/08\/WhatsApp-Image-2022-08-04-at-5.45.13-PM-2.jpeg 945w, https:\/\/eldiariodesanpedro.com.ar\/sitio\/wp-content\/uploads\/2022\/08\/WhatsApp-Image-2022-08-04-at-5.45.13-PM-2-300x200.jpeg 300w, https:\/\/eldiariodesanpedro.com.ar\/sitio\/wp-content\/uploads\/2022\/08\/WhatsApp-Image-2022-08-04-at-5.45.13-PM-2-768x512.jpeg 768w\" data-sizes=\"(max-width: 945px) 100vw, 945px\" src=\"data:image\/svg+xml;base64,PHN2ZyB3aWR0aD0iMSIgaGVpZ2h0PSIxIiB4bWxucz0iaHR0cDovL3d3dy53My5vcmcvMjAwMC9zdmciPjwvc3ZnPg==\" style=\"--smush-placeholder-width: 945px; --smush-placeholder-aspect-ratio: 945\/630;\" \/><\/figure>\n","protected":false},"excerpt":{"rendered":"<p>Esta ma\u00f1ana, el Intendente Dr. Ram\u00f3n Salazar se reuni\u00f3 con el Ministro de Infraestructura de la Provincia de Buenos Aires, Leonardo Nardini junto al ex Intendente y actual integrante del Directorio de Trenes Argentinos Cargas, Cecilio Salazar y el Secretario de Obras Planeamiento y Catastro Dr. Javier Silva para realizar un seguimiento a los proyectos [&hellip;]<\/p>\n","protected":false},"author":4,"featured_media":109434,"comment_status":"closed","ping_status":"closed","sticky":false,"template":"","format":"standard","meta":{"om_disable_all_campaigns":false,"_jetpack_memberships_contains_paid_content":false,"footnotes":""},"categories":[50,101,2],"tags":[197,696,33,2950,19],"class_list":["post-109433","post","type-post","status-publish","format-standard","has-post-thumbnail","hentry","category-destacadas","category-interes-general-locales","category-locales","tag-buenos-aires","tag-interes-general","tag-locales","tag-reunion-en-el-ministerio-de-infraestructura-para-seguimiento-de-obras-importantes-para-san-pedro","tag-san-pedro"],"aioseo_notices":[],"gutentor_comment":0,"jetpack_featured_media_url":"https:\/\/eldiariodesanpedro.com.ar\/sitio\/wp-content\/uploads\/2022\/08\/WhatsApp-Image-2022-08-04-at-5.45.13-PM-1.jpeg","jetpack_shortlink":"https:\/\/wp.me\/p6RhLt-st3","jetpack_sharing_enabled":true,"_links":{"self":[{"href":"https:\/\/eldiariodesanpedro.com.ar\/sitio\/wp-json\/wp\/v2\/posts\/109433","targetHints":{"allow":["GET"]}}],"collection":[{"href":"https:\/\/eldiariodesanpedro.com.ar\/sitio\/wp-json\/wp\/v2\/posts"}],"about":[{"href":"https:\/\/eldiariodesanpedro.com.ar\/sitio\/wp-json\/wp\/v2\/types\/post"}],"author":[{"embeddable":true,"href":"https:\/\/eldiariodesanpedro.com.ar\/sitio\/wp-json\/wp\/v2\/users\/4"}],"replies":[{"embeddable":true,"href":"https:\/\/eldiariodesanpedro.com.ar\/sitio\/wp-json\/wp\/v2\/comments?post=109433"}],"version-history":[{"count":1,"href":"https:\/\/eldiariodesanpedro.com.ar\/sitio\/wp-json\/wp\/v2\/posts\/109433\/revisions"}],"predecessor-version":[{"id":109437,"href":"https:\/\/eldiariodesanpedro.com.ar\/sitio\/wp-json\/wp\/v2\/posts\/109433\/revisions\/109437"}],"wp:featuredmedia":[{"embeddable":true,"href":"https:\/\/eldiariodesanpedro.com.ar\/sitio\/wp-json\/wp\/v2\/media\/109434"}],"wp:attachment":[{"href":"https:\/\/eldiariodesanpedro.com.ar\/sitio\/wp-json\/wp\/v2\/media?parent=109433"}],"wp:term":[{"taxonomy":"category","embeddable":true,"href":"https:\/\/eldiariodesanpedro.com.ar\/sitio\/wp-json\/wp\/v2\/categories?post=109433"},{"taxonomy":"post_tag","embeddable":true,"href":"https:\/\/eldiariodesanpedro.com.ar\/sitio\/wp-json\/wp\/v2\/tags?post=109433"}],"curies":[{"name":"wp","href":"https:\/\/api.w.org\/{rel}","templated":true}]}}