{"id":109424,"date":"2022-08-04T19:05:41","date_gmt":"2022-08-04T22:05:41","guid":{"rendered":"https:\/\/eldiariodesanpedro.com.ar\/sitio\/?p=109424"},"modified":"2022-08-04T19:05:43","modified_gmt":"2022-08-04T22:05:43","slug":"nuevo-encuentro-con-autoridades-municipales-para-seguimiento-de-tramites-y-gestiones","status":"publish","type":"post","link":"https:\/\/eldiariodesanpedro.com.ar\/sitio\/nuevo-encuentro-con-autoridades-municipales-para-seguimiento-de-tramites-y-gestiones\/","title":{"rendered":"Nuevo encuentro con autoridades municipales para seguimiento de tr\u00e1mites y gestiones"},"content":{"rendered":"<!-- VideographyWP Plugin Message: Automatic video embedding prevented by plugin options. -->\n\n<p>Con una agenda de trabajo que se viene manteniendo desde las primeras reuniones, tuvo lugar un nuevo encuentro con el Intendente Dr. Ram\u00f3n Salazar, el Secretario de Gobierno Alfredo Carrasco, el Secretario de Obras Javier Silva y el Director de Servicios Sanitarios Jorge Ponzio, en la que se actualiz\u00f3 el seguimiento que desde nuestra entidad venimos formulando para inquietudes en las que el apoyo del gobierno municipal y sus gestiones ante el gobierno provincial son muy importantes.<\/p>\n\n\n\n<p>Las autoridades municipales informaron a Daniel Churruar\u00edn, presidente de la C\u00e1mara local, sobre algunas alternativas que permitir\u00e1n una resoluci\u00f3n a corto plazo para m\u00faltiples situaciones que enfrentan loteos que constituyen adem\u00e1s de inversiones importantes, oportunidades de acceso a la vivienda para familias sampedrinas que han logrado acceder a nuevos terrenos y un considerable movimiento econ\u00f3mico en todo el sector involucrado con la construcci\u00f3n y con la mano de obra.<\/p>\n\n\n\n<p>Con el borrador de las normativas que ser\u00e1n implementadas se planifica un pr\u00f3ximo encuentro en breve que agilice el cumplimiento de todos los tr\u00e1mites y requerimientos necesarios, para luego solicitar con los certificados correspondientes y ante el organismo pertinente, la disponibilidad de los terrenos para la venta.<\/p>\n","protected":false},"excerpt":{"rendered":"<p>Con una agenda de trabajo que se viene manteniendo desde las primeras reuniones, tuvo lugar un nuevo encuentro con el Intendente Dr. Ram\u00f3n Salazar, el Secretario de Gobierno Alfredo Carrasco, el Secretario de Obras Javier Silva y el Director de Servicios Sanitarios Jorge Ponzio, en la que se actualiz\u00f3 el seguimiento que desde nuestra entidad [&hellip;]<\/p>\n","protected":false},"author":4,"featured_media":109425,"comment_status":"closed","ping_status":"closed","sticky":false,"template":"","format":"standard","meta":{"om_disable_all_campaigns":false,"_jetpack_memberships_contains_paid_content":false,"footnotes":""},"categories":[101,2],"tags":[197,696,33,19],"class_list":["post-109424","post","type-post","status-publish","format-standard","has-post-thumbnail","hentry","category-interes-general-locales","category-locales","tag-buenos-aires","tag-interes-general","tag-locales","tag-san-pedro"],"aioseo_notices":[],"gutentor_comment":0,"jetpack_featured_media_url":"https:\/\/eldiariodesanpedro.com.ar\/sitio\/wp-content\/uploads\/2022\/08\/REUNION02082022.jpeg","jetpack_shortlink":"https:\/\/wp.me\/p6RhLt-ssU","jetpack_sharing_enabled":true,"_links":{"self":[{"href":"https:\/\/eldiariodesanpedro.com.ar\/sitio\/wp-json\/wp\/v2\/posts\/109424","targetHints":{"allow":["GET"]}}],"collection":[{"href":"https:\/\/eldiariodesanpedro.com.ar\/sitio\/wp-json\/wp\/v2\/posts"}],"about":[{"href":"https:\/\/eldiariodesanpedro.com.ar\/sitio\/wp-json\/wp\/v2\/types\/post"}],"author":[{"embeddable":true,"href":"https:\/\/eldiariodesanpedro.com.ar\/sitio\/wp-json\/wp\/v2\/users\/4"}],"replies":[{"embeddable":true,"href":"https:\/\/eldiariodesanpedro.com.ar\/sitio\/wp-json\/wp\/v2\/comments?post=109424"}],"version-history":[{"count":1,"href":"https:\/\/eldiariodesanpedro.com.ar\/sitio\/wp-json\/wp\/v2\/posts\/109424\/revisions"}],"predecessor-version":[{"id":109426,"href":"https:\/\/eldiariodesanpedro.com.ar\/sitio\/wp-json\/wp\/v2\/posts\/109424\/revisions\/109426"}],"wp:featuredmedia":[{"embeddable":true,"href":"https:\/\/eldiariodesanpedro.com.ar\/sitio\/wp-json\/wp\/v2\/media\/109425"}],"wp:attachment":[{"href":"https:\/\/eldiariodesanpedro.com.ar\/sitio\/wp-json\/wp\/v2\/media?parent=109424"}],"wp:term":[{"taxonomy":"category","embeddable":true,"href":"https:\/\/eldiariodesanpedro.com.ar\/sitio\/wp-json\/wp\/v2\/categories?post=109424"},{"taxonomy":"post_tag","embeddable":true,"href":"https:\/\/eldiariodesanpedro.com.ar\/sitio\/wp-json\/wp\/v2\/tags?post=109424"}],"curies":[{"name":"wp","href":"https:\/\/api.w.org\/{rel}","templated":true}]}}