{"id":109412,"date":"2022-08-04T12:33:12","date_gmt":"2022-08-04T15:33:12","guid":{"rendered":"https:\/\/eldiariodesanpedro.com.ar\/sitio\/?p=109412"},"modified":"2022-08-04T12:33:12","modified_gmt":"2022-08-04T15:33:12","slug":"se-recupero-un-telefono-robado-el-pasado-domingo-cuando-una-mujer-fue-golpeada-con-un-culatazo-en-la-localidad-de-rio-tala","status":"publish","type":"post","link":"https:\/\/eldiariodesanpedro.com.ar\/sitio\/se-recupero-un-telefono-robado-el-pasado-domingo-cuando-una-mujer-fue-golpeada-con-un-culatazo-en-la-localidad-de-rio-tala\/","title":{"rendered":"Se recuper\u00f3 un tel\u00e9fono robado el pasado domingo cuando una mujer fue golpeada con un culatazo en la localidad de R\u00edo Tala"},"content":{"rendered":"<!-- VideographyWP Plugin Message: Automatic video embedding prevented by plugin options. -->\n\n<p>En el d\u00eda de ayer personal del destacamento de R\u00edo Tala y E.P.C.S.P. realizan trabajo en conjunto en diligencia de allanamiento otorgados por el Juzgado de Garant\u00edas N\u00ba 2 de San Nicol\u00e1s donde en calle Las Provincias S\/N de R\u00edo Tala; se procede al secuestro de tel\u00e9fono celular Samsung, y a la aprehensi\u00f3n de ciudadana de 55 por encubrimiento, identificando al autor material del hecho del d\u00eda 31 de agosto, que no se hallaba en el domicilio.&nbsp;<\/p>\n\n\n\n<p>Asimismo en calle Laprida S\/N Barrio La Tosquera&nbsp; arroja resultado negativo para secuestro, identificando al autor&nbsp; de 25 a\u00f1os que tampoco se hallaba en el lugar.<\/p>\n\n\n\n<p>Interviniendo la UFI 11, disponiendo la notificaci\u00f3n de la causa y posterior libertad.<\/p>\n","protected":false},"excerpt":{"rendered":"<p>En el d\u00eda de ayer personal del destacamento de R\u00edo Tala y E.P.C.S.P. realizan trabajo en conjunto en diligencia de allanamiento otorgados por el Juzgado de Garant\u00edas N\u00ba 2 de San Nicol\u00e1s donde en calle Las Provincias S\/N de R\u00edo Tala; se procede al secuestro de tel\u00e9fono celular Samsung, y a la aprehensi\u00f3n de ciudadana [&hellip;]<\/p>\n","protected":false},"author":4,"featured_media":109413,"comment_status":"closed","ping_status":"closed","sticky":false,"template":"","format":"standard","meta":{"om_disable_all_campaigns":false,"_jetpack_memberships_contains_paid_content":false,"footnotes":""},"categories":[50,2,103],"tags":[197,696,33,19],"class_list":["post-109412","post","type-post","status-publish","format-standard","has-post-thumbnail","hentry","category-destacadas","category-locales","category-policiales-locales","tag-buenos-aires","tag-interes-general","tag-locales","tag-san-pedro"],"aioseo_notices":[],"gutentor_comment":0,"jetpack_featured_media_url":"https:\/\/eldiariodesanpedro.com.ar\/sitio\/wp-content\/uploads\/2022\/08\/Sin-titulo-2.png","jetpack_shortlink":"https:\/\/wp.me\/p6RhLt-ssI","jetpack_sharing_enabled":true,"_links":{"self":[{"href":"https:\/\/eldiariodesanpedro.com.ar\/sitio\/wp-json\/wp\/v2\/posts\/109412","targetHints":{"allow":["GET"]}}],"collection":[{"href":"https:\/\/eldiariodesanpedro.com.ar\/sitio\/wp-json\/wp\/v2\/posts"}],"about":[{"href":"https:\/\/eldiariodesanpedro.com.ar\/sitio\/wp-json\/wp\/v2\/types\/post"}],"author":[{"embeddable":true,"href":"https:\/\/eldiariodesanpedro.com.ar\/sitio\/wp-json\/wp\/v2\/users\/4"}],"replies":[{"embeddable":true,"href":"https:\/\/eldiariodesanpedro.com.ar\/sitio\/wp-json\/wp\/v2\/comments?post=109412"}],"version-history":[{"count":1,"href":"https:\/\/eldiariodesanpedro.com.ar\/sitio\/wp-json\/wp\/v2\/posts\/109412\/revisions"}],"predecessor-version":[{"id":109414,"href":"https:\/\/eldiariodesanpedro.com.ar\/sitio\/wp-json\/wp\/v2\/posts\/109412\/revisions\/109414"}],"wp:featuredmedia":[{"embeddable":true,"href":"https:\/\/eldiariodesanpedro.com.ar\/sitio\/wp-json\/wp\/v2\/media\/109413"}],"wp:attachment":[{"href":"https:\/\/eldiariodesanpedro.com.ar\/sitio\/wp-json\/wp\/v2\/media?parent=109412"}],"wp:term":[{"taxonomy":"category","embeddable":true,"href":"https:\/\/eldiariodesanpedro.com.ar\/sitio\/wp-json\/wp\/v2\/categories?post=109412"},{"taxonomy":"post_tag","embeddable":true,"href":"https:\/\/eldiariodesanpedro.com.ar\/sitio\/wp-json\/wp\/v2\/tags?post=109412"}],"curies":[{"name":"wp","href":"https:\/\/api.w.org\/{rel}","templated":true}]}}