{"id":109410,"date":"2022-08-04T12:24:54","date_gmt":"2022-08-04T15:24:54","guid":{"rendered":"https:\/\/eldiariodesanpedro.com.ar\/sitio\/?p=109410"},"modified":"2022-08-04T12:24:55","modified_gmt":"2022-08-04T15:24:55","slug":"un-ciudadano-de-malvinas-argentinas-aprehendido-por-pedido-paradero-activo","status":"publish","type":"post","link":"https:\/\/eldiariodesanpedro.com.ar\/sitio\/un-ciudadano-de-malvinas-argentinas-aprehendido-por-pedido-paradero-activo\/","title":{"rendered":"Un ciudadano de Malvinas Argentinas aprehendido por pedido paradero activo"},"content":{"rendered":"<!-- VideographyWP Plugin Message: Automatic video embedding prevented by plugin options. -->\n\n<p>En la jornada de ayer el personal policial de la comisar\u00eda local se hace presente en calle Combate de Obligado y Facundo Quiroga proceden a la aprehensi\u00f3n de un ciudadano de 30 a\u00f1os oriundo de la localidad de Malvinas Argentinas en el cual pesa un pedido captura&nbsp; activa, a requerimiento de la magistratura de La Matanza.&nbsp;<\/p>\n\n\n\n<p>Notificando al causante de su comparecencia a dicho magistrado.-&nbsp;<\/p>\n","protected":false},"excerpt":{"rendered":"<p>En la jornada de ayer el personal policial de la comisar\u00eda local se hace presente en calle Combate de Obligado y Facundo Quiroga proceden a la aprehensi\u00f3n de un ciudadano de 30 a\u00f1os oriundo de la localidad de Malvinas Argentinas en el cual pesa un pedido captura&nbsp; activa, a requerimiento de la magistratura de La [&hellip;]<\/p>\n","protected":false},"author":4,"featured_media":70421,"comment_status":"closed","ping_status":"closed","sticky":false,"template":"","format":"standard","meta":{"om_disable_all_campaigns":false,"_jetpack_memberships_contains_paid_content":false,"footnotes":""},"categories":[2,103],"tags":[197,696,33,19],"class_list":["post-109410","post","type-post","status-publish","format-standard","has-post-thumbnail","hentry","category-locales","category-policiales-locales","tag-buenos-aires","tag-interes-general","tag-locales","tag-san-pedro"],"aioseo_notices":[],"gutentor_comment":0,"jetpack_featured_media_url":"https:\/\/eldiariodesanpedro.com.ar\/sitio\/wp-content\/uploads\/2020\/03\/esposas-detenido-1.jpg","jetpack_shortlink":"https:\/\/wp.me\/p6RhLt-ssG","jetpack_sharing_enabled":true,"_links":{"self":[{"href":"https:\/\/eldiariodesanpedro.com.ar\/sitio\/wp-json\/wp\/v2\/posts\/109410","targetHints":{"allow":["GET"]}}],"collection":[{"href":"https:\/\/eldiariodesanpedro.com.ar\/sitio\/wp-json\/wp\/v2\/posts"}],"about":[{"href":"https:\/\/eldiariodesanpedro.com.ar\/sitio\/wp-json\/wp\/v2\/types\/post"}],"author":[{"embeddable":true,"href":"https:\/\/eldiariodesanpedro.com.ar\/sitio\/wp-json\/wp\/v2\/users\/4"}],"replies":[{"embeddable":true,"href":"https:\/\/eldiariodesanpedro.com.ar\/sitio\/wp-json\/wp\/v2\/comments?post=109410"}],"version-history":[{"count":1,"href":"https:\/\/eldiariodesanpedro.com.ar\/sitio\/wp-json\/wp\/v2\/posts\/109410\/revisions"}],"predecessor-version":[{"id":109411,"href":"https:\/\/eldiariodesanpedro.com.ar\/sitio\/wp-json\/wp\/v2\/posts\/109410\/revisions\/109411"}],"wp:featuredmedia":[{"embeddable":true,"href":"https:\/\/eldiariodesanpedro.com.ar\/sitio\/wp-json\/wp\/v2\/media\/70421"}],"wp:attachment":[{"href":"https:\/\/eldiariodesanpedro.com.ar\/sitio\/wp-json\/wp\/v2\/media?parent=109410"}],"wp:term":[{"taxonomy":"category","embeddable":true,"href":"https:\/\/eldiariodesanpedro.com.ar\/sitio\/wp-json\/wp\/v2\/categories?post=109410"},{"taxonomy":"post_tag","embeddable":true,"href":"https:\/\/eldiariodesanpedro.com.ar\/sitio\/wp-json\/wp\/v2\/tags?post=109410"}],"curies":[{"name":"wp","href":"https:\/\/api.w.org\/{rel}","templated":true}]}}