{"id":109407,"date":"2022-08-04T12:10:11","date_gmt":"2022-08-04T15:10:11","guid":{"rendered":"https:\/\/eldiariodesanpedro.com.ar\/sitio\/?p=109407"},"modified":"2022-08-04T12:10:12","modified_gmt":"2022-08-04T15:10:12","slug":"un-hombre-mostro-sus-partes-intimas-a-una-mujer-afuera-de-la-salita-1o-de-mayo-fue-reducido-por-los-vecinos","status":"publish","type":"post","link":"https:\/\/eldiariodesanpedro.com.ar\/sitio\/un-hombre-mostro-sus-partes-intimas-a-una-mujer-afuera-de-la-salita-1o-de-mayo-fue-reducido-por-los-vecinos\/","title":{"rendered":"Un hombre mostr\u00f3 sus partes \u00edntimas a una mujer afuera de la salita 1\u00ba de Mayo fue reducido por los vecinos"},"content":{"rendered":"<!-- VideographyWP Plugin Message: Automatic video embedding prevented by plugin options. -->\n\n<p>En la jornada de ayer la polic\u00eda de nuestra ciudad intervino en un centro asistencial donde un ciudadano mostraba sus partes \u00edntimas a las personas.<\/p>\n\n\n\n<p>Este mi\u00e9rcoles por la ma\u00f1ana efectivos policiales a ra\u00edz del llamado a la comisar\u00eda se hicieron presentes en calle Benefactora Sampedrina&nbsp; y Bv. Moreno donde proceden a la aprehensi\u00f3n de ciudadano 26 a\u00f1os, quien momentos antes exhibe su partes \u00edntimas a una ciudadana de 29 a\u00f1os, fuera de la salita 1\u00b0 Mayo, siendo reducido por vecinos del lugar quienes tomaron represalia.&nbsp;<\/p>\n\n\n\n<p>Interviene UFI 11 Local disponiendo la notificaci\u00f3n de la causa y posterior libertad.-<\/p>\n","protected":false},"excerpt":{"rendered":"<p>En la jornada de ayer la polic\u00eda de nuestra ciudad intervino en un centro asistencial donde un ciudadano mostraba sus partes \u00edntimas a las personas. Este mi\u00e9rcoles por la ma\u00f1ana efectivos policiales a ra\u00edz del llamado a la comisar\u00eda se hicieron presentes en calle Benefactora Sampedrina&nbsp; y Bv. Moreno donde proceden a la aprehensi\u00f3n de [&hellip;]<\/p>\n","protected":false},"author":4,"featured_media":109408,"comment_status":"closed","ping_status":"closed","sticky":false,"template":"","format":"standard","meta":{"om_disable_all_campaigns":false,"_jetpack_memberships_contains_paid_content":false,"footnotes":""},"categories":[50,101,2],"tags":[197,696,33,19,2948],"class_list":["post-109407","post","type-post","status-publish","format-standard","has-post-thumbnail","hentry","category-destacadas","category-interes-general-locales","category-locales","tag-buenos-aires","tag-interes-general","tag-locales","tag-san-pedro","tag-un-hombre-mostro-sus-partes-intimas-a-una-mujer-afuera-de-la-salita-1o-de-mayo-fue-reducido-por-los-vecinos"],"aioseo_notices":[],"gutentor_comment":0,"jetpack_featured_media_url":"https:\/\/eldiariodesanpedro.com.ar\/sitio\/wp-content\/uploads\/2022\/08\/WhatsApp-Image-2022-08-04-at-11.50.08-AM.jpeg","jetpack_shortlink":"https:\/\/wp.me\/p6RhLt-ssD","jetpack_sharing_enabled":true,"_links":{"self":[{"href":"https:\/\/eldiariodesanpedro.com.ar\/sitio\/wp-json\/wp\/v2\/posts\/109407","targetHints":{"allow":["GET"]}}],"collection":[{"href":"https:\/\/eldiariodesanpedro.com.ar\/sitio\/wp-json\/wp\/v2\/posts"}],"about":[{"href":"https:\/\/eldiariodesanpedro.com.ar\/sitio\/wp-json\/wp\/v2\/types\/post"}],"author":[{"embeddable":true,"href":"https:\/\/eldiariodesanpedro.com.ar\/sitio\/wp-json\/wp\/v2\/users\/4"}],"replies":[{"embeddable":true,"href":"https:\/\/eldiariodesanpedro.com.ar\/sitio\/wp-json\/wp\/v2\/comments?post=109407"}],"version-history":[{"count":1,"href":"https:\/\/eldiariodesanpedro.com.ar\/sitio\/wp-json\/wp\/v2\/posts\/109407\/revisions"}],"predecessor-version":[{"id":109409,"href":"https:\/\/eldiariodesanpedro.com.ar\/sitio\/wp-json\/wp\/v2\/posts\/109407\/revisions\/109409"}],"wp:featuredmedia":[{"embeddable":true,"href":"https:\/\/eldiariodesanpedro.com.ar\/sitio\/wp-json\/wp\/v2\/media\/109408"}],"wp:attachment":[{"href":"https:\/\/eldiariodesanpedro.com.ar\/sitio\/wp-json\/wp\/v2\/media?parent=109407"}],"wp:term":[{"taxonomy":"category","embeddable":true,"href":"https:\/\/eldiariodesanpedro.com.ar\/sitio\/wp-json\/wp\/v2\/categories?post=109407"},{"taxonomy":"post_tag","embeddable":true,"href":"https:\/\/eldiariodesanpedro.com.ar\/sitio\/wp-json\/wp\/v2\/tags?post=109407"}],"curies":[{"name":"wp","href":"https:\/\/api.w.org\/{rel}","templated":true}]}}