{"id":109403,"date":"2022-08-04T11:47:44","date_gmt":"2022-08-04T14:47:44","guid":{"rendered":"https:\/\/eldiariodesanpedro.com.ar\/sitio\/?p=109403"},"modified":"2022-08-04T11:47:44","modified_gmt":"2022-08-04T14:47:44","slug":"hallan-un-cuchillo-que-podria-estar-vinculado-a-la-batalla-de-obligado","status":"publish","type":"post","link":"https:\/\/eldiariodesanpedro.com.ar\/sitio\/hallan-un-cuchillo-que-podria-estar-vinculado-a-la-batalla-de-obligado\/","title":{"rendered":"Hallan un cuchillo que podr\u00eda estar vinculado a la Batalla de Obligado"},"content":{"rendered":"<!-- VideographyWP Plugin Message: Automatic video embedding prevented by plugin options. -->\n\n<p>Fue descubierto por un vecino de San Pedro durante una jornada de pesca a orillas del Paran\u00e1 y podr\u00eda haber sido utilizado en el combate de 1845<\/p>\n\n\n\n<p><strong>Don H\u00e9ctor \u201c<em>Tito<\/em>\u201d Silva<\/strong> es un hombre de uno de los barrios de San Pedro, muy querido por sus vecinos. Tiene un peque\u00f1o taller y en sus ratos libres, le gusta pescar y disfrutar del sonido del r\u00edo, la vista de los barcos y los sonidos de la naturaleza.<\/p>\n\n\n\n<p>Hace unos 7 a\u00f1os, en una de sus escapadas a <strong><em>Vuelta de Obligado<\/em><\/strong>, hist\u00f3rica localidad donde se desarroll\u00f3 el combate por la soberan\u00eda contra la flota anglo-francesa, el 20 de noviembre de 1845, encontr\u00f3 algo que lo sorprendi\u00f3&#8230;<\/p>\n\n\n\n<p>Mientras caminaba con su pareja a orillas del r\u00edo, Don Tito observ\u00f3 un fragmento de metal oxidado que hab\u00eda quedado expuesto por la erosi\u00f3n del oleaje.<\/p>\n\n\n\n<p>Motivado por su curiosidad, separ\u00f3 el sedimento que rodeaba al objeto con mucho cuidado. Su asombro fue grande cuando entre el barro pegajoso empez\u00f3 a tomar forma la hoja de un antiguo cuchillo. Su mente lo llev\u00f3&nbsp; a la pregunta obligada: un cuchillo del combate?<\/p>\n\n\n\n<p>Con esa antigua pieza en sus manos y ya de vuelta en San Pedro, <strong>lo guard\u00f3 celosamente durante a\u00f1os<\/strong>, como una rareza. Pero unos a\u00f1os despu\u00e9s, motivado por la tarea del Museo Paleontol\u00f3gico \u201cFray Manuel de Torres\u201d y sus hallazgos, decidi\u00f3 tomar contacto con sus integrantes. <strong>Jos\u00e9 Luis Aguilar<\/strong> y <strong>Javier Saucedo<\/strong>, acudieron a su llamado.<\/p>\n\n\n\n<p><strong><u>ANTIGUO Y BIEN CONSERVADO<\/u><\/strong><\/p>\n\n\n\n<p>Desde el Museo de San Pedro, <strong>Aguilar<\/strong> nos comenta sus caracter\u00edsticas.<\/p>\n\n\n\n<p>\u201c<em>El largo total del cuchillo encontrado por Don H\u00e9ctor Silva es de <strong>31 cent\u00edmetros<\/strong>.<\/em><\/p>\n\n\n\n<p><em>La hoja mide <strong>20,5 cm<\/strong>. de longitud y el resto es el mango, que est\u00e1 hecho de chapa y forjado a golpes alrededor de la espiga que es una continuaci\u00f3n de la hoja.<\/em><\/p>\n\n\n\n<p><em>El ancho m\u00e1ximo de la hoja es de <strong>2, 7 cm<\/strong> y el espesor es de unos <strong>4 mil\u00edmetros<\/strong>.<\/em><\/p>\n\n\n\n<p><em>Su formato sencillo, sin ornamentaciones ni l\u00edneas que lo destaquen, lo aleja de los cuchillos y bayonetas que portaban las tropas que intervinieron en la batalla. Por este motivo, se cree que puede haber sido un cuchillo de usos varios, pensado para ser de utilidad en cualquier situaci\u00f3n donde s\u00f3lo se precisara un filo met\u00e1lico que cortara lo necesario.<\/em><\/p>\n\n\n\n<p><img decoding=\"async\" width=\"285\" height=\"492\" src=\"\" alt=\"IMG_20220731_204349466~2.jpg\"><em>A unos seis cent\u00edmetros de la punta, presenta una importante melladura con faltante de material. Sin dudas, golpe\u00f3 contra algo duro que le ocasion\u00f3 el da\u00f1o. Nunca sabremos en qu\u00e9 vicisitudes anduvo este viejo cuchillo junto a su due\u00f1o\u2026\u201d&nbsp;<\/em><\/p>\n\n\n\n<p>El <strong><em>Grupo Conservacionista de San Pedro<\/em><\/strong>, equipo fundador del peque\u00f1o museo que hoy existe en el <strong><em>Parque Hist\u00f3rico<\/em><\/strong> de la localidad, ha participado en la recuperaci\u00f3n y difusi\u00f3n de numerosos objetos, documentos y hasta de un naufragio, vinculados a la batalla de Obligado. Desde el grupo, opinan que el aspecto general y el grado de oxidaci\u00f3n de la pieza son inconfundibles. Para el equipo del museo se trata &nbsp;de un objeto muy importante, que podr\u00eda haber sido utilizado en el lugar por las personas que participaron de aquel hecho hist\u00f3rico.&nbsp;<\/p>\n\n\n\n<p>El <strong>Profesor de Historia y especialista en armas antiguas, Osvaldo Gatto<\/strong>, comenta algunos aspectos de esta pieza. \u201c<em>Sin dudas, se trata de un cuchillo de construcci\u00f3n artesanal. De acero al carbono y forjado de forma tradicional; aunque su uso pudo ser muy variado.<\/em><\/p>\n\n\n\n<p><em>S\u00ed bien no es un arma militar neta, es muy probable que haya pertenecido a la dotaci\u00f3n de alg\u00fan buque de mediados del siglo XIX. Presenta un solo filo y es muy interesante porque el espesor de su hoja y su dise\u00f1o, nos sugieren que fue construido para ser sometido tambi\u00e9n a esfuerzos, prolongando su empu\u00f1adura. Pudo haber servido en una mesa como tambi\u00e9n de chuzo, ya que los jinetes de ese tiempo hab\u00edan observado c\u00f3mo los abor\u00edgenes fabricaban sus lanzas cortas tambi\u00e9n llamadas chuzos, con las que alcanzaban objetivos a cierta distancia lanz\u00e1ndolas desde el caballo como si se tratara de una lanza propiamente dicha\u201d.<\/em><\/p>\n\n\n\n<p><em>Desde su taller en Rosario, donde replica armas antiguas de todo tipo, <strong>Gatto<\/strong> agrega: \u201cEs de destacar que con todo este tiempo de erosi\u00f3n, a\u00fan presenta un espesor considerable y los cuchillos no sol\u00edan construirse tan gruesos solamente para ser cuchillos de mesa. Esto \u00faltimo lo convierte en un objeto muy interesante pues motiva la imaginaci\u00f3n sobre los objetos que se hallan muchas veces en lugares donde hubo batallas. Un cuchillo multiuso y muy interesante, que nos brinda un gran n\u00famero de posibilidades<\/em>\u201d.<\/p>\n\n\n\n<figure class=\"wp-block-image size-full\"><img decoding=\"async\" width=\"630\" height=\"336\" data-attachment-id=\"109405\" data-permalink=\"https:\/\/eldiariodesanpedro.com.ar\/sitio\/hallan-un-cuchillo-que-podria-estar-vinculado-a-la-batalla-de-obligado\/img_20220731_204349466_2\/\" data-orig-file=\"https:\/\/eldiariodesanpedro.com.ar\/sitio\/wp-content\/uploads\/2022\/08\/IMG_20220731_204349466_2-e1659624453508.jpg\" data-orig-size=\"630,336\" data-comments-opened=\"0\" data-image-meta=\"{&quot;aperture&quot;:&quot;1.7&quot;,&quot;credit&quot;:&quot;&quot;,&quot;camera&quot;:&quot;moto g(8)&quot;,&quot;caption&quot;:&quot;&quot;,&quot;created_timestamp&quot;:&quot;1659300231&quot;,&quot;copyright&quot;:&quot;&quot;,&quot;focal_length&quot;:&quot;4.05&quot;,&quot;iso&quot;:&quot;947&quot;,&quot;shutter_speed&quot;:&quot;0.071428571428571&quot;,&quot;title&quot;:&quot;&quot;,&quot;orientation&quot;:&quot;1&quot;}\" data-image-title=\"IMG_20220731_204349466_2\" data-image-description=\"\" data-image-caption=\"\" data-large-file=\"https:\/\/eldiariodesanpedro.com.ar\/sitio\/wp-content\/uploads\/2022\/08\/IMG_20220731_204349466_2-e1659624453508.jpg\" data-src=\"https:\/\/eldiariodesanpedro.com.ar\/sitio\/wp-content\/uploads\/2022\/08\/IMG_20220731_204349466_2-e1659624453508.jpg\" alt=\"\" class=\"wp-image-109405 lazyload\" data-srcset=\"https:\/\/eldiariodesanpedro.com.ar\/sitio\/wp-content\/uploads\/2022\/08\/IMG_20220731_204349466_2-e1659624453508.jpg 630w, https:\/\/eldiariodesanpedro.com.ar\/sitio\/wp-content\/uploads\/2022\/08\/IMG_20220731_204349466_2-e1659624453508-300x160.jpg 300w\" data-sizes=\"(max-width: 630px) 100vw, 630px\" src=\"data:image\/svg+xml;base64,PHN2ZyB3aWR0aD0iMSIgaGVpZ2h0PSIxIiB4bWxucz0iaHR0cDovL3d3dy53My5vcmcvMjAwMC9zdmciPjwvc3ZnPg==\" style=\"--smush-placeholder-width: 630px; --smush-placeholder-aspect-ratio: 630\/336;\" \/><\/figure>\n","protected":false},"excerpt":{"rendered":"<p>Fue descubierto por un vecino de San Pedro durante una jornada de pesca a orillas del Paran\u00e1 y podr\u00eda haber sido utilizado en el combate de 1845 Don H\u00e9ctor \u201cTito\u201d Silva es un hombre de uno de los barrios de San Pedro, muy querido por sus vecinos. Tiene un peque\u00f1o taller y en sus ratos [&hellip;]<\/p>\n","protected":false},"author":4,"featured_media":109404,"comment_status":"closed","ping_status":"closed","sticky":false,"template":"","format":"standard","meta":{"om_disable_all_campaigns":false,"_jetpack_memberships_contains_paid_content":false,"footnotes":""},"categories":[50,101,2],"tags":[],"class_list":["post-109403","post","type-post","status-publish","format-standard","has-post-thumbnail","hentry","category-destacadas","category-interes-general-locales","category-locales"],"aioseo_notices":[],"gutentor_comment":0,"jetpack_featured_media_url":"https:\/\/eldiariodesanpedro.com.ar\/sitio\/wp-content\/uploads\/2022\/08\/IMG_20220724_192544479_2.jpg","jetpack_shortlink":"https:\/\/wp.me\/p6RhLt-ssz","jetpack_sharing_enabled":true,"_links":{"self":[{"href":"https:\/\/eldiariodesanpedro.com.ar\/sitio\/wp-json\/wp\/v2\/posts\/109403","targetHints":{"allow":["GET"]}}],"collection":[{"href":"https:\/\/eldiariodesanpedro.com.ar\/sitio\/wp-json\/wp\/v2\/posts"}],"about":[{"href":"https:\/\/eldiariodesanpedro.com.ar\/sitio\/wp-json\/wp\/v2\/types\/post"}],"author":[{"embeddable":true,"href":"https:\/\/eldiariodesanpedro.com.ar\/sitio\/wp-json\/wp\/v2\/users\/4"}],"replies":[{"embeddable":true,"href":"https:\/\/eldiariodesanpedro.com.ar\/sitio\/wp-json\/wp\/v2\/comments?post=109403"}],"version-history":[{"count":1,"href":"https:\/\/eldiariodesanpedro.com.ar\/sitio\/wp-json\/wp\/v2\/posts\/109403\/revisions"}],"predecessor-version":[{"id":109406,"href":"https:\/\/eldiariodesanpedro.com.ar\/sitio\/wp-json\/wp\/v2\/posts\/109403\/revisions\/109406"}],"wp:featuredmedia":[{"embeddable":true,"href":"https:\/\/eldiariodesanpedro.com.ar\/sitio\/wp-json\/wp\/v2\/media\/109404"}],"wp:attachment":[{"href":"https:\/\/eldiariodesanpedro.com.ar\/sitio\/wp-json\/wp\/v2\/media?parent=109403"}],"wp:term":[{"taxonomy":"category","embeddable":true,"href":"https:\/\/eldiariodesanpedro.com.ar\/sitio\/wp-json\/wp\/v2\/categories?post=109403"},{"taxonomy":"post_tag","embeddable":true,"href":"https:\/\/eldiariodesanpedro.com.ar\/sitio\/wp-json\/wp\/v2\/tags?post=109403"}],"curies":[{"name":"wp","href":"https:\/\/api.w.org\/{rel}","templated":true}]}}