{"id":109392,"date":"2022-08-04T10:06:42","date_gmt":"2022-08-04T13:06:42","guid":{"rendered":"https:\/\/eldiariodesanpedro.com.ar\/sitio\/?p=109392"},"modified":"2022-08-04T10:06:43","modified_gmt":"2022-08-04T13:06:43","slug":"este-viernes-cicop-realizara-un-paro-por-lo-que-no-habra-atencion-en-el-hospital-local","status":"publish","type":"post","link":"https:\/\/eldiariodesanpedro.com.ar\/sitio\/este-viernes-cicop-realizara-un-paro-por-lo-que-no-habra-atencion-en-el-hospital-local\/","title":{"rendered":"Este viernes Cicop realizara un paro por lo que no habr\u00e1 atenci\u00f3n en el hospital local"},"content":{"rendered":"<!-- VideographyWP Plugin Message: Automatic video embedding prevented by plugin options. -->\n\n<p>CICOP anunci\u00f3 una medida de fuerza que se har\u00e1 efectiva a partir de las 0 horas del pr\u00f3ximo viernes. El reclamo es ante \u00abel incumplimiento del acuerdo del pago de guardias adeudadas desde el periodo Marzo- Abril en adelante\u00bb. <\/p>\n\n\n\n<p>El sindicato tambi\u00e9n plantea \u00abla falta de cumplimiento en la promesa de recategorizar en tiempo y forma\u00bb. La medida de fuerza ser\u00e1 progresiva, pasando a 48 en la pr\u00f3xima semana si no hay respuestas.<\/p>\n","protected":false},"excerpt":{"rendered":"<p>CICOP anunci\u00f3 una medida de fuerza que se har\u00e1 efectiva a partir de las 0 horas del pr\u00f3ximo viernes. El reclamo es ante \u00abel incumplimiento del acuerdo del pago de guardias adeudadas desde el periodo Marzo- Abril en adelante\u00bb. El sindicato tambi\u00e9n plantea \u00abla falta de cumplimiento en la promesa de recategorizar en tiempo y [&hellip;]<\/p>\n","protected":false},"author":4,"featured_media":81291,"comment_status":"closed","ping_status":"closed","sticky":false,"template":"","format":"standard","meta":{"om_disable_all_campaigns":false,"_jetpack_memberships_contains_paid_content":false,"footnotes":""},"categories":[50,101,2],"tags":[197,2946,696,33,19],"class_list":["post-109392","post","type-post","status-publish","format-standard","has-post-thumbnail","hentry","category-destacadas","category-interes-general-locales","category-locales","tag-buenos-aires","tag-este-viernes-cicop-realizara-un-paro-por-lo-que-no-habra-atencion-en-el-hospital-local","tag-interes-general","tag-locales","tag-san-pedro"],"aioseo_notices":[],"gutentor_comment":0,"jetpack_featured_media_url":"https:\/\/eldiariodesanpedro.com.ar\/sitio\/wp-content\/uploads\/2020\/09\/WhatsApp-Image-2020-09-21-at-18.45.01.jpeg","jetpack_shortlink":"https:\/\/wp.me\/p6RhLt-sso","jetpack_sharing_enabled":true,"_links":{"self":[{"href":"https:\/\/eldiariodesanpedro.com.ar\/sitio\/wp-json\/wp\/v2\/posts\/109392","targetHints":{"allow":["GET"]}}],"collection":[{"href":"https:\/\/eldiariodesanpedro.com.ar\/sitio\/wp-json\/wp\/v2\/posts"}],"about":[{"href":"https:\/\/eldiariodesanpedro.com.ar\/sitio\/wp-json\/wp\/v2\/types\/post"}],"author":[{"embeddable":true,"href":"https:\/\/eldiariodesanpedro.com.ar\/sitio\/wp-json\/wp\/v2\/users\/4"}],"replies":[{"embeddable":true,"href":"https:\/\/eldiariodesanpedro.com.ar\/sitio\/wp-json\/wp\/v2\/comments?post=109392"}],"version-history":[{"count":1,"href":"https:\/\/eldiariodesanpedro.com.ar\/sitio\/wp-json\/wp\/v2\/posts\/109392\/revisions"}],"predecessor-version":[{"id":109393,"href":"https:\/\/eldiariodesanpedro.com.ar\/sitio\/wp-json\/wp\/v2\/posts\/109392\/revisions\/109393"}],"wp:featuredmedia":[{"embeddable":true,"href":"https:\/\/eldiariodesanpedro.com.ar\/sitio\/wp-json\/wp\/v2\/media\/81291"}],"wp:attachment":[{"href":"https:\/\/eldiariodesanpedro.com.ar\/sitio\/wp-json\/wp\/v2\/media?parent=109392"}],"wp:term":[{"taxonomy":"category","embeddable":true,"href":"https:\/\/eldiariodesanpedro.com.ar\/sitio\/wp-json\/wp\/v2\/categories?post=109392"},{"taxonomy":"post_tag","embeddable":true,"href":"https:\/\/eldiariodesanpedro.com.ar\/sitio\/wp-json\/wp\/v2\/tags?post=109392"}],"curies":[{"name":"wp","href":"https:\/\/api.w.org\/{rel}","templated":true}]}}