{"id":109382,"date":"2022-08-04T09:50:37","date_gmt":"2022-08-04T12:50:37","guid":{"rendered":"https:\/\/eldiariodesanpedro.com.ar\/sitio\/?p=109382"},"modified":"2022-08-04T09:54:25","modified_gmt":"2022-08-04T12:54:25","slug":"alumnos-y-alumnas-de-la-escuela-normal-convocaron-a-una-sentada-para-reclamar-por-el-estado-edilicio-de-la-institucion%ef%bf%bc","status":"publish","type":"post","link":"https:\/\/eldiariodesanpedro.com.ar\/sitio\/alumnos-y-alumnas-de-la-escuela-normal-convocaron-a-una-sentada-para-reclamar-por-el-estado-edilicio-de-la-institucion%ef%bf%bc\/","title":{"rendered":"Alumnos y alumnas de la Escuela Normal convocaron a una sentada para reclamar por el estado edilicio de la instituci\u00f3n\ufffc"},"content":{"rendered":"<!-- VideographyWP Plugin Message: Automatic video embedding prevented by plugin options. -->\n\n<p>Bajo la consigna \u00ab\u00a1\u00a1Las clases se dictan en aulas!!\u00bb, alumnos y alumnas de la Escuela Normal convocaron a una medida de protesta para este viernes.&nbsp;&nbsp;<\/p>\n\n\n\n<p>La medida se realizar\u00e1, de acuerdo a lo informado a trav\u00e9s de un flyer que comenz\u00f3 a circular en las \u00faltimas horas, bajo la modalidad de una sentada.&nbsp;<\/p>\n\n\n\n<p>Ser\u00e1 a las 7:30 horas del 8 de agosto, en el patio que da a Boulevard Moreno.&nbsp;<\/p>\n\n\n\n<p>El reclamo ser\u00e1 por \u00abcondiciones edilicias dignas para docentes y alumnxs\u00bb, plantean los convocantes, que afirman que \u00abnecesitan ser escuchados\u00bb.&nbsp;<\/p>\n\n\n\n<p><strong>Testimonios<\/strong><\/p>\n\n\n\n<p>En tal sentido, un testimonio de alumnxs de 5\u00ba a\u00f1o expresa: \u00abEl problema es que apenas arrancamos el a\u00f1o nos pusieron en el laboratorio a estar 5 horas, 5 d\u00edas a la semana sentados en banquetas altas sin respaldo que nos produc\u00eda mucho dolor de espalda\u00bb.<\/p>\n\n\n\n<p>Si bien remarcan que intentaron que les den clases \u00aben un sal\u00f3n como corresponde\u00bb, lo \u00fanico que lograron \u00abes rotar entre la biblioteca, el laboratorio y solo un d\u00eda estar en en un sal\u00f3n\u00bb. Luego quedaron fijos en la biblitoeca \u00abque queda en el piso de arriba\u00bb&nbsp;<\/p>\n\n\n\n<p>Uno de sus compa\u00f1eros, agrega, \u00abtuvo un esguince y reclamamos un sal\u00f3n ya que no pod\u00eda subir las escaleras, y en vez de darnos un sal\u00f3n como corresponde hicieron que nuestro compa\u00f1ero se volviera a la casa\u00bb. De manera contundente, criticaron esa medida: \u00abNo es justo que un alumno tenga que irse de la escuela por un accidente que no afecta su aprendizaje. Hablamos con la directora y lo \u00fanico que conseguimos fue que nos cambien al laboratorio por dos d\u00edas, despu\u00e9s nos cambiaron 3 veces de lugar en un mismo dia y terminamos subiendo a la biblioteca con nuestro compa\u00f1ero sin todav\u00eda recuperarse\u00bb.<\/p>\n\n\n\n<p>Los alumnos y alumnas explicaron las \u00faltimas novedades: \u00abAhora nos quieren ubicar en la sala de profesores el cual es un cuarto diminuto. Nos prometieron un nuevo sal\u00f3n que hicieron y no fuimos nunca. Nos parece una falta de respeto hacia nosotros que no podamos estar fijos en un lugar o tener un aula digna, solo porque seamos un grupo reducido no significa que nos puedan tener as\u00ed, necesitamos que esto cambie ya. Actualmente estamos en el laboratorio con constante contacto con llaves de gas y productos qu\u00edmicos\u00bb.<\/p>\n\n\n\n<p>Si bien el planteo surge de 5\u00ba a\u00f1o, aclararon que el resto de los cursos se solidarizaron con sus compa\u00f1eros y profesores \u00ablos que tambi\u00e9n van a quedar sin su espacio\u00bb.\u00a0<\/p>\n\n\n\n<figure class=\"wp-block-image size-full\"><img decoding=\"async\" width=\"445\" height=\"630\" data-attachment-id=\"109383\" data-permalink=\"https:\/\/eldiariodesanpedro.com.ar\/sitio\/alumnos-y-alumnas-de-la-escuela-normal-convocaron-a-una-sentada-para-reclamar-por-el-estado-edilicio-de-la-institucion%ef%bf%bc\/whatsapp-image-2022-08-03-at-7-54-45-pm-1\/\" data-orig-file=\"https:\/\/eldiariodesanpedro.com.ar\/sitio\/wp-content\/uploads\/2022\/08\/WhatsApp-Image-2022-08-03-at-7.54.45-PM-1.jpeg\" data-orig-size=\"445,630\" data-comments-opened=\"0\" data-image-meta=\"{&quot;aperture&quot;:&quot;0&quot;,&quot;credit&quot;:&quot;&quot;,&quot;camera&quot;:&quot;&quot;,&quot;caption&quot;:&quot;&quot;,&quot;created_timestamp&quot;:&quot;0&quot;,&quot;copyright&quot;:&quot;&quot;,&quot;focal_length&quot;:&quot;0&quot;,&quot;iso&quot;:&quot;0&quot;,&quot;shutter_speed&quot;:&quot;0&quot;,&quot;title&quot;:&quot;&quot;,&quot;orientation&quot;:&quot;0&quot;}\" data-image-title=\"WhatsApp Image 2022-08-03 at 7.54.45 PM (1)\" data-image-description=\"\" data-image-caption=\"\" data-large-file=\"https:\/\/eldiariodesanpedro.com.ar\/sitio\/wp-content\/uploads\/2022\/08\/WhatsApp-Image-2022-08-03-at-7.54.45-PM-1.jpeg\" data-src=\"https:\/\/eldiariodesanpedro.com.ar\/sitio\/wp-content\/uploads\/2022\/08\/WhatsApp-Image-2022-08-03-at-7.54.45-PM-1.jpeg\" alt=\"\" class=\"wp-image-109383 lazyload\" data-srcset=\"https:\/\/eldiariodesanpedro.com.ar\/sitio\/wp-content\/uploads\/2022\/08\/WhatsApp-Image-2022-08-03-at-7.54.45-PM-1.jpeg 445w, https:\/\/eldiariodesanpedro.com.ar\/sitio\/wp-content\/uploads\/2022\/08\/WhatsApp-Image-2022-08-03-at-7.54.45-PM-1-212x300.jpeg 212w\" data-sizes=\"(max-width: 445px) 100vw, 445px\" src=\"data:image\/svg+xml;base64,PHN2ZyB3aWR0aD0iMSIgaGVpZ2h0PSIxIiB4bWxucz0iaHR0cDovL3d3dy53My5vcmcvMjAwMC9zdmciPjwvc3ZnPg==\" style=\"--smush-placeholder-width: 445px; --smush-placeholder-aspect-ratio: 445\/630;\" \/><\/figure>\n","protected":false},"excerpt":{"rendered":"<p>Bajo la consigna \u00ab\u00a1\u00a1Las clases se dictan en aulas!!\u00bb, alumnos y alumnas de la Escuela Normal convocaron a una medida de protesta para este viernes.&nbsp;&nbsp; La medida se realizar\u00e1, de acuerdo a lo informado a trav\u00e9s de un flyer que comenz\u00f3 a circular en las \u00faltimas horas, bajo la modalidad de una sentada.&nbsp; Ser\u00e1 a [&hellip;]<\/p>\n","protected":false},"author":4,"featured_media":109384,"comment_status":"closed","ping_status":"closed","sticky":false,"template":"","format":"standard","meta":{"om_disable_all_campaigns":false,"_jetpack_memberships_contains_paid_content":false,"footnotes":""},"categories":[101,2],"tags":[197,696,33,19],"class_list":["post-109382","post","type-post","status-publish","format-standard","has-post-thumbnail","hentry","category-interes-general-locales","category-locales","tag-buenos-aires","tag-interes-general","tag-locales","tag-san-pedro"],"aioseo_notices":[],"gutentor_comment":0,"jetpack_featured_media_url":"https:\/\/eldiariodesanpedro.com.ar\/sitio\/wp-content\/uploads\/2022\/08\/escuela-normal.jpg","jetpack_shortlink":"https:\/\/wp.me\/p6RhLt-sse","jetpack_sharing_enabled":true,"_links":{"self":[{"href":"https:\/\/eldiariodesanpedro.com.ar\/sitio\/wp-json\/wp\/v2\/posts\/109382","targetHints":{"allow":["GET"]}}],"collection":[{"href":"https:\/\/eldiariodesanpedro.com.ar\/sitio\/wp-json\/wp\/v2\/posts"}],"about":[{"href":"https:\/\/eldiariodesanpedro.com.ar\/sitio\/wp-json\/wp\/v2\/types\/post"}],"author":[{"embeddable":true,"href":"https:\/\/eldiariodesanpedro.com.ar\/sitio\/wp-json\/wp\/v2\/users\/4"}],"replies":[{"embeddable":true,"href":"https:\/\/eldiariodesanpedro.com.ar\/sitio\/wp-json\/wp\/v2\/comments?post=109382"}],"version-history":[{"count":2,"href":"https:\/\/eldiariodesanpedro.com.ar\/sitio\/wp-json\/wp\/v2\/posts\/109382\/revisions"}],"predecessor-version":[{"id":109386,"href":"https:\/\/eldiariodesanpedro.com.ar\/sitio\/wp-json\/wp\/v2\/posts\/109382\/revisions\/109386"}],"wp:featuredmedia":[{"embeddable":true,"href":"https:\/\/eldiariodesanpedro.com.ar\/sitio\/wp-json\/wp\/v2\/media\/109384"}],"wp:attachment":[{"href":"https:\/\/eldiariodesanpedro.com.ar\/sitio\/wp-json\/wp\/v2\/media?parent=109382"}],"wp:term":[{"taxonomy":"category","embeddable":true,"href":"https:\/\/eldiariodesanpedro.com.ar\/sitio\/wp-json\/wp\/v2\/categories?post=109382"},{"taxonomy":"post_tag","embeddable":true,"href":"https:\/\/eldiariodesanpedro.com.ar\/sitio\/wp-json\/wp\/v2\/tags?post=109382"}],"curies":[{"name":"wp","href":"https:\/\/api.w.org\/{rel}","templated":true}]}}