{"id":109352,"date":"2022-08-03T14:53:17","date_gmt":"2022-08-03T17:53:17","guid":{"rendered":"https:\/\/eldiariodesanpedro.com.ar\/sitio\/?p=109352"},"modified":"2022-08-03T18:08:27","modified_gmt":"2022-08-03T21:08:27","slug":"se-esperan-alrededor-de-35-mil-personas-para-el-recital-de-la-renga-y-el-valor-de-la-entrada-sera-de-5-mil-pesos","status":"publish","type":"post","link":"https:\/\/eldiariodesanpedro.com.ar\/sitio\/se-esperan-alrededor-de-35-mil-personas-para-el-recital-de-la-renga-y-el-valor-de-la-entrada-sera-de-5-mil-pesos\/","title":{"rendered":"Se esperan alrededor de 35 mil personas para el recital de La Renga y el valor de la entrada ser\u00e1 de 5 mil pesos"},"content":{"rendered":"<!-- VideographyWP Plugin Message: Automatic video embedding prevented by plugin options. -->\n\n<p>Esteban Sanzio, Intendente de la ciudad de Baradero, confirma la presencia de \u00abLa Renga\u00bb en el Balneario Municipal el d\u00eda 27 de Agosto.<\/p>\n\n\n\n<p>\u00abTuvimos la posibilidad de poder cerrar definitivamente ayer,&nbsp; que para nosotros es muy importante que esta banda, la m\u00e1s convocante de todo el pa\u00eds, llegue a Baradero y que ponga esta alternativa en la ciudad, nos pone muy contentos y nos llena de emoci\u00f3n\u00bb.<\/p>\n\n\n\n<p>\u00abCon un desaf\u00edo muy importante que hay que trabajar muy bien para que las 35mil personas que se esperan en el recital, puedan sentirse c\u00f3modas\u00bb.<\/p>\n\n\n\n<p>\u00abSe pueden ingresar m\u00e1s personas pero ese es un n\u00famero que la productora maneja para que pueda ser ordenado\u00bb.<\/p>\n\n\n\n<p>\u00abEl proceso fue un trabajo silencioso, en el recital de Don Osvaldo tuve la oportunidad de charlar con Jos\u00e9&nbsp; Palazo(representante) para realizar otro evento de mayor magnitud\u00bb.<\/p>\n\n\n\n<p>Ellos tienen una alegr\u00eda muy grande porque estaba programado Tecnopolis y se baj\u00f3 y ahora se realiza Baradero\u00bb.<\/p>\n\n\n\n<p>\u00abSeguiremos trabajando de manera silenciosa programado eventos y recitales, y eso es muy beneficioso par ala hoteleria y gastronom\u00eda de la ciudad\u00bb.<\/p>\n\n\n\n<p>\u00abLa productora es la que se pone en contacto con la hoteleria de la ciudad para programar\u00bb.<\/p>\n\n\n\n<p>\u00abLas entradas ya se ponen a la venta en breve, en la p\u00e1gina oficial ya est\u00e1 publicado lo de Baradero\u00bb.<\/p>\n\n\n\n<p>\u00abSe vieron distintas alternativas, la rotonda, el cristo, el anfiteatro, el autoclub, pero ellos definieron el balneario y son los que saben\u00bb.<\/p>\n\n\n\n<p>Las entradas para el recital en el predio de Almirante Brown al 1600 estar\u00e1n a la venta desde el viernes 5 de agosto a 5 mil pesos.<\/p>\n\n\n\n<p>Fuente: Tiempo Noticias <\/p>\n","protected":false},"excerpt":{"rendered":"<p>Esteban Sanzio, Intendente de la ciudad de Baradero, confirma la presencia de \u00abLa Renga\u00bb en el Balneario Municipal el d\u00eda 27 de Agosto. \u00abTuvimos la posibilidad de poder cerrar definitivamente ayer,&nbsp; que para nosotros es muy importante que esta banda, la m\u00e1s convocante de todo el pa\u00eds, llegue a Baradero y que ponga esta alternativa [&hellip;]<\/p>\n","protected":false},"author":4,"featured_media":109353,"comment_status":"closed","ping_status":"closed","sticky":false,"template":"","format":"standard","meta":{"om_disable_all_campaigns":false,"_jetpack_memberships_contains_paid_content":false,"footnotes":""},"categories":[50,101,2],"tags":[197,696,33,19,2943],"class_list":["post-109352","post","type-post","status-publish","format-standard","has-post-thumbnail","hentry","category-destacadas","category-interes-general-locales","category-locales","tag-buenos-aires","tag-interes-general","tag-locales","tag-san-pedro","tag-se-esperan-alrededor-de-35-mil-personas-para-el-recital-de-la-renga-y-el-valor-de-la-trasera-de-5-mil-pesos"],"aioseo_notices":[],"gutentor_comment":0,"jetpack_featured_media_url":"https:\/\/eldiariodesanpedro.com.ar\/sitio\/wp-content\/uploads\/2022\/08\/01-La-Renga-Foto-Martin.cornejo.fotorock-DSC_2808.jpg","jetpack_shortlink":"https:\/\/wp.me\/p6RhLt-srK","jetpack_sharing_enabled":true,"_links":{"self":[{"href":"https:\/\/eldiariodesanpedro.com.ar\/sitio\/wp-json\/wp\/v2\/posts\/109352","targetHints":{"allow":["GET"]}}],"collection":[{"href":"https:\/\/eldiariodesanpedro.com.ar\/sitio\/wp-json\/wp\/v2\/posts"}],"about":[{"href":"https:\/\/eldiariodesanpedro.com.ar\/sitio\/wp-json\/wp\/v2\/types\/post"}],"author":[{"embeddable":true,"href":"https:\/\/eldiariodesanpedro.com.ar\/sitio\/wp-json\/wp\/v2\/users\/4"}],"replies":[{"embeddable":true,"href":"https:\/\/eldiariodesanpedro.com.ar\/sitio\/wp-json\/wp\/v2\/comments?post=109352"}],"version-history":[{"count":2,"href":"https:\/\/eldiariodesanpedro.com.ar\/sitio\/wp-json\/wp\/v2\/posts\/109352\/revisions"}],"predecessor-version":[{"id":109356,"href":"https:\/\/eldiariodesanpedro.com.ar\/sitio\/wp-json\/wp\/v2\/posts\/109352\/revisions\/109356"}],"wp:featuredmedia":[{"embeddable":true,"href":"https:\/\/eldiariodesanpedro.com.ar\/sitio\/wp-json\/wp\/v2\/media\/109353"}],"wp:attachment":[{"href":"https:\/\/eldiariodesanpedro.com.ar\/sitio\/wp-json\/wp\/v2\/media?parent=109352"}],"wp:term":[{"taxonomy":"category","embeddable":true,"href":"https:\/\/eldiariodesanpedro.com.ar\/sitio\/wp-json\/wp\/v2\/categories?post=109352"},{"taxonomy":"post_tag","embeddable":true,"href":"https:\/\/eldiariodesanpedro.com.ar\/sitio\/wp-json\/wp\/v2\/tags?post=109352"}],"curies":[{"name":"wp","href":"https:\/\/api.w.org\/{rel}","templated":true}]}}