{"id":109327,"date":"2022-08-03T11:02:42","date_gmt":"2022-08-03T14:02:42","guid":{"rendered":"https:\/\/eldiariodesanpedro.com.ar\/sitio\/?p=109327"},"modified":"2022-08-03T11:02:44","modified_gmt":"2022-08-03T14:02:44","slug":"anses-quienes-cobran-hoy-3-de-agosto-jubilaciones-auh-suaf-aue","status":"publish","type":"post","link":"https:\/\/eldiariodesanpedro.com.ar\/sitio\/anses-quienes-cobran-hoy-3-de-agosto-jubilaciones-auh-suaf-aue\/","title":{"rendered":"ANSES: qui\u00e9nes cobran hoy, 3 de agosto, jubilaciones, AUH, SUAF, AUE"},"content":{"rendered":"<!-- VideographyWP Plugin Message: Automatic video embedding prevented by plugin options. -->\n\n<p>Comienza el calendario de pagos de ANSES correspondiente a este mes. Mir\u00e1 qui\u00e9nes cobran este mi\u00e9rcoles 3 de agosto.<\/p>\n\n\n\n<p>La\u00a0<strong>Administraci\u00f3n Nacional de la Seguridad Social (ANSES)<\/strong>\u00a0contin\u00faa con su\u00a0calendario\u00a0de pagos correspondientes al mes de\u00a0agosto\u00a0de 2022. En el mismo, constan las fechas de cobro de jubilaciones, pensiones, Asignaci\u00f3n Universal por Hijo (AUH), Asignaci\u00f3n Universal por Embarazo, Asignaciones Familiares, Pensiones No Contributivas y Programa de Desempleo 1, 2 y 3, entre otros beneficios del organismo previsional.<\/p>\n\n\n\n<h2 class=\"wp-block-heading\">\u00bfQui\u00e9nes cobran en ANSES este mi\u00e9rcoles 3 de agosto?<\/h2>\n\n\n\n<p>Este d\u00eda h\u00e1bil de agosto cobran los beneficiarios y beneficiarias de\u00a0<strong>Pensiones No Contributivas (PNC) con su respectiva Tarjeta Alimentar; Asignaciones Familiares de PNC; y Asignaciones de pago \u00fanico<\/strong>. Se trata del pago del haber correspondiente al mes en curso.<\/p>\n\n\n\n<h2 class=\"wp-block-heading\">Calendario de pagos ANSES: Pensiones No Contributivas (PNC)<\/h2>\n\n\n\n<ul class=\"wp-block-list\"><li><strong>DNI terminados en 4 y 5: 3 de agosto.<\/strong><\/li><li>DNI terminados en 6 y 7: 4 de agosto.<\/li><li>DNI terminados en 8 y 9: 5 de agosto.<\/li><\/ul>\n\n\n\n<h2 class=\"wp-block-heading\">Calendario de pagos ANSES: Tarjeta Alimentar para PNC<\/h2>\n\n\n\n<p>A trav\u00e9s del programa Alimentar, los titulares de la AUH cobrar\u00e1n un monto m\u00e1ximo que alcanzar\u00e1 los $18.000. Los titulares con un hijo o hija menor a 14 a\u00f1os cobrar\u00e1 $9000; con dos hijos o hijas menores de 14 a\u00f1os cobrar\u00e1 $13.000; y con tres o m\u00e1s hijos o hijas menores de 14 a\u00f1os cobrar\u00e1 $18.000. Estos d\u00edas se depositar\u00e1 el dinero:<\/p>\n\n\n\n<ul class=\"wp-block-list\"><li><strong>DNI terminados en 4 y 5: 3 de agosto.<\/strong><\/li><li>DNI terminados en 6 y 7: 4 de agosto.<\/li><li>DNI terminados en 8 y 9: 5 de agosto.<\/li><\/ul>\n\n\n\n<h2 class=\"wp-block-heading\">Calendario de pagos ANSES: Asignaciones Familiares de PNC<\/h2>\n\n\n\n<ul class=\"wp-block-list\"><li>Todas las terminaciones del DNI cobrar\u00e1n<strong>&nbsp;desde el viernes 8 de julio al lunes 11 de agosto.<\/strong><\/li><\/ul>\n\n\n\n<h2 class=\"wp-block-heading\">ANSES: Calendario de cobro de las Asignaciones de pago \u00fanico<\/h2>\n\n\n\n<p>Las asignaciones de pago \u00fanico tiene tres canales: matrimonio, adopci\u00f3n y nacimiento. Los beneficiarios con todas las terminaciones del DNI podr\u00e1n cobrarlo en la siguiente fecha:<\/p>\n\n\n\n<ul class=\"wp-block-list\"><li><strong>Primera quincena: 11 de julio a 11 de agosto.<\/strong><\/li><li><strong>&nbsp;Segunda quincena: 21 de julio a 11 de agosto.<\/strong><\/li><\/ul>\n\n\n\n<p>La Administraci\u00f3n Nacional de la Seguridad Social (ANSES) record\u00f3 que, si bien no tienen que solicitar turno para cobrar este beneficio, deben acercarse a la entidad bancaria \u00fanicamente en la fecha asignada. El resto de las prestaciones comenzar\u00e1 su calendario de pagos en los pr\u00f3ximos d\u00edas.<\/p>\n\n\n\n<p><a href=\"https:\/\/media.infocielo.com\/p\/1ef43b99a3f3d78f7a51cd50397ba8ca\/adjuntos\/299\/imagenes\/001\/467\/0001467296\/887x0\/smart\/fachadas-anses-jpg.jpg\"><\/a><\/p>\n","protected":false},"excerpt":{"rendered":"<p>Comienza el calendario de pagos de ANSES correspondiente a este mes. Mir\u00e1 qui\u00e9nes cobran este mi\u00e9rcoles 3 de agosto. La\u00a0Administraci\u00f3n Nacional de la Seguridad Social (ANSES)\u00a0contin\u00faa con su\u00a0calendario\u00a0de pagos correspondientes al mes de\u00a0agosto\u00a0de 2022. En el mismo, constan las fechas de cobro de jubilaciones, pensiones, Asignaci\u00f3n Universal por Hijo (AUH), Asignaci\u00f3n Universal por Embarazo, Asignaciones [&hellip;]<\/p>\n","protected":false},"author":4,"featured_media":100119,"comment_status":"closed","ping_status":"closed","sticky":false,"template":"","format":"standard","meta":{"om_disable_all_campaigns":false,"_jetpack_memberships_contains_paid_content":false,"footnotes":""},"categories":[101,2],"tags":[197,696,33,19],"class_list":["post-109327","post","type-post","status-publish","format-standard","has-post-thumbnail","hentry","category-interes-general-locales","category-locales","tag-buenos-aires","tag-interes-general","tag-locales","tag-san-pedro"],"aioseo_notices":[],"gutentor_comment":0,"jetpack_featured_media_url":"https:\/\/eldiariodesanpedro.com.ar\/sitio\/wp-content\/uploads\/2021\/10\/ansesjpgjpg.jpg","jetpack_shortlink":"https:\/\/wp.me\/p6RhLt-srl","jetpack_sharing_enabled":true,"_links":{"self":[{"href":"https:\/\/eldiariodesanpedro.com.ar\/sitio\/wp-json\/wp\/v2\/posts\/109327","targetHints":{"allow":["GET"]}}],"collection":[{"href":"https:\/\/eldiariodesanpedro.com.ar\/sitio\/wp-json\/wp\/v2\/posts"}],"about":[{"href":"https:\/\/eldiariodesanpedro.com.ar\/sitio\/wp-json\/wp\/v2\/types\/post"}],"author":[{"embeddable":true,"href":"https:\/\/eldiariodesanpedro.com.ar\/sitio\/wp-json\/wp\/v2\/users\/4"}],"replies":[{"embeddable":true,"href":"https:\/\/eldiariodesanpedro.com.ar\/sitio\/wp-json\/wp\/v2\/comments?post=109327"}],"version-history":[{"count":1,"href":"https:\/\/eldiariodesanpedro.com.ar\/sitio\/wp-json\/wp\/v2\/posts\/109327\/revisions"}],"predecessor-version":[{"id":109328,"href":"https:\/\/eldiariodesanpedro.com.ar\/sitio\/wp-json\/wp\/v2\/posts\/109327\/revisions\/109328"}],"wp:featuredmedia":[{"embeddable":true,"href":"https:\/\/eldiariodesanpedro.com.ar\/sitio\/wp-json\/wp\/v2\/media\/100119"}],"wp:attachment":[{"href":"https:\/\/eldiariodesanpedro.com.ar\/sitio\/wp-json\/wp\/v2\/media?parent=109327"}],"wp:term":[{"taxonomy":"category","embeddable":true,"href":"https:\/\/eldiariodesanpedro.com.ar\/sitio\/wp-json\/wp\/v2\/categories?post=109327"},{"taxonomy":"post_tag","embeddable":true,"href":"https:\/\/eldiariodesanpedro.com.ar\/sitio\/wp-json\/wp\/v2\/tags?post=109327"}],"curies":[{"name":"wp","href":"https:\/\/api.w.org\/{rel}","templated":true}]}}