{"id":109308,"date":"2022-08-02T21:08:37","date_gmt":"2022-08-03T00:08:37","guid":{"rendered":"https:\/\/eldiariodesanpedro.com.ar\/sitio\/?p=109308"},"modified":"2022-08-02T21:08:39","modified_gmt":"2022-08-03T00:08:39","slug":"la-renga-tocara-en-baradero-el-proximo-27-de-agosto","status":"publish","type":"post","link":"https:\/\/eldiariodesanpedro.com.ar\/sitio\/la-renga-tocara-en-baradero-el-proximo-27-de-agosto\/","title":{"rendered":"La Renga tocar\u00e1 en Baradero el pr\u00f3ximo 27 de agosto"},"content":{"rendered":"<!-- VideographyWP Plugin Message: Automatic video embedding prevented by plugin options. -->\n\n<p>El intendente Esteban Sanzio confirm\u00f3 a los medios locales de la vecina ciudad de Baradero que se reuni\u00f3 esta tarde de martes con el productor Jos\u00e9 Palazzo y parte del grupo de rock para coordinar el show a realizarse este mes.<\/p>\n\n\n\n<p>Los m\u00fasicos sorprendieron a decenas de baraderenses esta tarde cuando ingresaron a merendar al caf\u00e9 del Club Sportivo donde tuvieron una larga charla con Sanzio donde acordaron que el show se realizar\u00e1 el pr\u00f3ximo 27 de agosto en el balneario municipal..<\/p>\n\n\n\n<p>En los proximos dias se daran mas detalles de como sera el evento, que siendo una banda tan convocante tendr\u00e1 que preparar la ciudad.<\/p>\n\n\n\n<p>El show desembarca en Baradero tras la suspensi\u00f3n de otro que ten\u00eda preparado en Tecn\u00f3polis.<\/p>\n","protected":false},"excerpt":{"rendered":"<p>El intendente Esteban Sanzio confirm\u00f3 a los medios locales de la vecina ciudad de Baradero que se reuni\u00f3 esta tarde de martes con el productor Jos\u00e9 Palazzo y parte del grupo de rock para coordinar el show a realizarse este mes. Los m\u00fasicos sorprendieron a decenas de baraderenses esta tarde cuando ingresaron a merendar al [&hellip;]<\/p>\n","protected":false},"author":4,"featured_media":109309,"comment_status":"closed","ping_status":"closed","sticky":false,"template":"","format":"standard","meta":{"om_disable_all_campaigns":false,"_jetpack_memberships_contains_paid_content":false,"footnotes":""},"categories":[50,621],"tags":[197,696,33,19],"class_list":["post-109308","post","type-post","status-publish","format-standard","has-post-thumbnail","hentry","category-destacadas","category-regionales","tag-buenos-aires","tag-interes-general","tag-locales","tag-san-pedro"],"aioseo_notices":[],"gutentor_comment":0,"jetpack_featured_media_url":"https:\/\/eldiariodesanpedro.com.ar\/sitio\/wp-content\/uploads\/2022\/08\/medida.png","jetpack_shortlink":"https:\/\/wp.me\/p6RhLt-sr2","jetpack_sharing_enabled":true,"_links":{"self":[{"href":"https:\/\/eldiariodesanpedro.com.ar\/sitio\/wp-json\/wp\/v2\/posts\/109308","targetHints":{"allow":["GET"]}}],"collection":[{"href":"https:\/\/eldiariodesanpedro.com.ar\/sitio\/wp-json\/wp\/v2\/posts"}],"about":[{"href":"https:\/\/eldiariodesanpedro.com.ar\/sitio\/wp-json\/wp\/v2\/types\/post"}],"author":[{"embeddable":true,"href":"https:\/\/eldiariodesanpedro.com.ar\/sitio\/wp-json\/wp\/v2\/users\/4"}],"replies":[{"embeddable":true,"href":"https:\/\/eldiariodesanpedro.com.ar\/sitio\/wp-json\/wp\/v2\/comments?post=109308"}],"version-history":[{"count":1,"href":"https:\/\/eldiariodesanpedro.com.ar\/sitio\/wp-json\/wp\/v2\/posts\/109308\/revisions"}],"predecessor-version":[{"id":109310,"href":"https:\/\/eldiariodesanpedro.com.ar\/sitio\/wp-json\/wp\/v2\/posts\/109308\/revisions\/109310"}],"wp:featuredmedia":[{"embeddable":true,"href":"https:\/\/eldiariodesanpedro.com.ar\/sitio\/wp-json\/wp\/v2\/media\/109309"}],"wp:attachment":[{"href":"https:\/\/eldiariodesanpedro.com.ar\/sitio\/wp-json\/wp\/v2\/media?parent=109308"}],"wp:term":[{"taxonomy":"category","embeddable":true,"href":"https:\/\/eldiariodesanpedro.com.ar\/sitio\/wp-json\/wp\/v2\/categories?post=109308"},{"taxonomy":"post_tag","embeddable":true,"href":"https:\/\/eldiariodesanpedro.com.ar\/sitio\/wp-json\/wp\/v2\/tags?post=109308"}],"curies":[{"name":"wp","href":"https:\/\/api.w.org\/{rel}","templated":true}]}}