{"id":109306,"date":"2022-08-02T20:04:28","date_gmt":"2022-08-02T23:04:28","guid":{"rendered":"https:\/\/eldiariodesanpedro.com.ar\/sitio\/?p=109306"},"modified":"2022-08-02T20:04:28","modified_gmt":"2022-08-02T23:04:28","slug":"rio-tala-tres-delincuentes-ingresaron-encapuchados-a-una-vivienda-y-golpearon-con-un-culatazo-a-una-mujer","status":"publish","type":"post","link":"https:\/\/eldiariodesanpedro.com.ar\/sitio\/rio-tala-tres-delincuentes-ingresaron-encapuchados-a-una-vivienda-y-golpearon-con-un-culatazo-a-una-mujer\/","title":{"rendered":"R\u00edo Tala: Tres delincuentes ingresaron encapuchados a una vivienda y golpearon con un culatazo a una mujer"},"content":{"rendered":"<!-- VideographyWP Plugin Message: Automatic video embedding prevented by plugin options. -->\n\n<p>Este lunes una ciudadana de la vecina localidad de R\u00edo Tala realiz\u00f3 una descarg\u00f3 a trav\u00e9s de su cuenta de facebook tras sufrir el ingreso de delincuentes a su comercio y tras el llamado a la polic\u00eda que tard\u00f3 m\u00e1s de 30 minutos en llegar al lugar.<\/p>\n\n\n\n<p>El hecho seg\u00fan lo relata la damnificada ocurri\u00f3 este lunes alrededor de las 20:10 hs en un comercio ubicado en Av. Cici al 300 de la vecina localidad de R\u00edo Tala donde tres delincuentes encapuchados ingresaron en la vivienda de una familia llev\u00e1ndose dos celulares de su hija y su hermana.<\/p>\n\n\n\n<p>Cuando la mujer se dio cuenta sale corriendo por el pasillo de su casa a los gritos pidiendo ayuda&nbsp; y es interceptada por uno de los malvivientes quien le propin\u00f3 un golpe con la culata del arma.<\/p>\n\n\n\n<p>Seg\u00fan comenta Patricia Calabressi llamaron a la polic\u00eda y tard\u00f3 m\u00e1s de media hora en llegar ya que en ese momento no se encontraban m\u00f3viles en la localidad.<\/p>\n\n\n\n<iframe data-src=\"https:\/\/www.facebook.com\/plugins\/post.php?href=https%3A%2F%2Fwww.facebook.com%2Fluciana.alonso.9%2Fposts%2Fpfbid0244Zk5Y6wkj7Z9ChKFCnwKP9ajhnvmAH5XyusayMunSQJJoXtrcZ1NpMHUSH3yjvCl&#038;show_text=true&#038;width=500\" width=\"500\" height=\"304\" style=\"border:none;overflow:hidden\" scrolling=\"no\" frameborder=\"0\" allowfullscreen=\"true\" allow=\"autoplay; clipboard-write; encrypted-media; picture-in-picture; web-share\" src=\"data:image\/svg+xml;base64,PHN2ZyB3aWR0aD0iMSIgaGVpZ2h0PSIxIiB4bWxucz0iaHR0cDovL3d3dy53My5vcmcvMjAwMC9zdmciPjwvc3ZnPg==\" class=\"lazyload\" data-load-mode=\"1\"><\/iframe>\n","protected":false},"excerpt":{"rendered":"<p>Este lunes una ciudadana de la vecina localidad de R\u00edo Tala realiz\u00f3 una descarg\u00f3 a trav\u00e9s de su cuenta de facebook tras sufrir el ingreso de delincuentes a su comercio y tras el llamado a la polic\u00eda que tard\u00f3 m\u00e1s de 30 minutos en llegar al lugar. El hecho seg\u00fan lo relata la damnificada ocurri\u00f3 [&hellip;]<\/p>\n","protected":false},"author":4,"featured_media":21853,"comment_status":"closed","ping_status":"closed","sticky":false,"template":"","format":"standard","meta":{"om_disable_all_campaigns":false,"_jetpack_memberships_contains_paid_content":false,"footnotes":""},"categories":[50,2,103],"tags":[197,33,95,19],"class_list":["post-109306","post","type-post","status-publish","format-standard","has-post-thumbnail","hentry","category-destacadas","category-locales","category-policiales-locales","tag-buenos-aires","tag-locales","tag-policiales","tag-san-pedro"],"aioseo_notices":[],"gutentor_comment":0,"jetpack_featured_media_url":"https:\/\/eldiariodesanpedro.com.ar\/sitio\/wp-content\/uploads\/2017\/08\/destacamento-policial-rio-tala.jpg","jetpack_shortlink":"https:\/\/wp.me\/p6RhLt-sr0","jetpack_sharing_enabled":true,"_links":{"self":[{"href":"https:\/\/eldiariodesanpedro.com.ar\/sitio\/wp-json\/wp\/v2\/posts\/109306","targetHints":{"allow":["GET"]}}],"collection":[{"href":"https:\/\/eldiariodesanpedro.com.ar\/sitio\/wp-json\/wp\/v2\/posts"}],"about":[{"href":"https:\/\/eldiariodesanpedro.com.ar\/sitio\/wp-json\/wp\/v2\/types\/post"}],"author":[{"embeddable":true,"href":"https:\/\/eldiariodesanpedro.com.ar\/sitio\/wp-json\/wp\/v2\/users\/4"}],"replies":[{"embeddable":true,"href":"https:\/\/eldiariodesanpedro.com.ar\/sitio\/wp-json\/wp\/v2\/comments?post=109306"}],"version-history":[{"count":1,"href":"https:\/\/eldiariodesanpedro.com.ar\/sitio\/wp-json\/wp\/v2\/posts\/109306\/revisions"}],"predecessor-version":[{"id":109307,"href":"https:\/\/eldiariodesanpedro.com.ar\/sitio\/wp-json\/wp\/v2\/posts\/109306\/revisions\/109307"}],"wp:featuredmedia":[{"embeddable":true,"href":"https:\/\/eldiariodesanpedro.com.ar\/sitio\/wp-json\/wp\/v2\/media\/21853"}],"wp:attachment":[{"href":"https:\/\/eldiariodesanpedro.com.ar\/sitio\/wp-json\/wp\/v2\/media?parent=109306"}],"wp:term":[{"taxonomy":"category","embeddable":true,"href":"https:\/\/eldiariodesanpedro.com.ar\/sitio\/wp-json\/wp\/v2\/categories?post=109306"},{"taxonomy":"post_tag","embeddable":true,"href":"https:\/\/eldiariodesanpedro.com.ar\/sitio\/wp-json\/wp\/v2\/tags?post=109306"}],"curies":[{"name":"wp","href":"https:\/\/api.w.org\/{rel}","templated":true}]}}