{"id":109304,"date":"2022-08-02T19:49:46","date_gmt":"2022-08-02T22:49:46","guid":{"rendered":"https:\/\/eldiariodesanpedro.com.ar\/sitio\/?p=109304"},"modified":"2022-08-02T19:49:46","modified_gmt":"2022-08-02T22:49:46","slug":"una-joven-fue-asaltada-por-un-delincuente-cuando-ingresaba-a-su-casa","status":"publish","type":"post","link":"https:\/\/eldiariodesanpedro.com.ar\/sitio\/una-joven-fue-asaltada-por-un-delincuente-cuando-ingresaba-a-su-casa\/","title":{"rendered":"Una joven fue asaltada por un delincuente cuando ingresaba a su casa"},"content":{"rendered":"<!-- VideographyWP Plugin Message: Automatic video embedding prevented by plugin options. -->\n\n<p>En la jornada de ayer en horas de la noche una joven se acerc\u00f3 a la comisar\u00eda local para realizar una denuncia tras haber sido enca\u00f1onada con un arma de fuego para robarle un celular cuando entraba en su casa.<\/p>\n\n\n\n<p>El hecho tuvo lugar en la noche de este s\u00e1bado en calle Benefactora Sampedrina al 1500 donde una joven de 23 a\u00f1os de edad cuando llegaba a su domicilio es abordada por un delincuente quien tras forcejear y con intimidaci\u00f3n con un arma de fuego logra quitarle un tel\u00e9fono celular.<\/p>\n\n\n\n<p>La v\u00edctima tras el hecho radic\u00f3 la denuncia dando datos del delincuente para que la polic\u00eda realizara allanamientos con el fin de recuperar el aparato.<\/p>\n\n\n\n<p>A trav\u00e9s de las redes sociales la joven publico que ofrece recompensa por el tel\u00e9fono robado.<\/p>\n","protected":false},"excerpt":{"rendered":"<p>En la jornada de ayer en horas de la noche una joven se acerc\u00f3 a la comisar\u00eda local para realizar una denuncia tras haber sido enca\u00f1onada con un arma de fuego para robarle un celular cuando entraba en su casa. El hecho tuvo lugar en la noche de este s\u00e1bado en calle Benefactora Sampedrina al [&hellip;]<\/p>\n","protected":false},"author":4,"featured_media":56555,"comment_status":"closed","ping_status":"closed","sticky":false,"template":"","format":"standard","meta":{"om_disable_all_campaigns":false,"_jetpack_memberships_contains_paid_content":false,"footnotes":""},"categories":[2,103],"tags":[197,33,95,19],"class_list":["post-109304","post","type-post","status-publish","format-standard","has-post-thumbnail","hentry","category-locales","category-policiales-locales","tag-buenos-aires","tag-locales","tag-policiales","tag-san-pedro"],"aioseo_notices":[],"gutentor_comment":0,"jetpack_featured_media_url":"https:\/\/eldiariodesanpedro.com.ar\/sitio\/wp-content\/uploads\/2019\/07\/715x402_54f45c51b7arrebato-celular.jpg","jetpack_shortlink":"https:\/\/wp.me\/p6RhLt-sqY","jetpack_sharing_enabled":true,"_links":{"self":[{"href":"https:\/\/eldiariodesanpedro.com.ar\/sitio\/wp-json\/wp\/v2\/posts\/109304","targetHints":{"allow":["GET"]}}],"collection":[{"href":"https:\/\/eldiariodesanpedro.com.ar\/sitio\/wp-json\/wp\/v2\/posts"}],"about":[{"href":"https:\/\/eldiariodesanpedro.com.ar\/sitio\/wp-json\/wp\/v2\/types\/post"}],"author":[{"embeddable":true,"href":"https:\/\/eldiariodesanpedro.com.ar\/sitio\/wp-json\/wp\/v2\/users\/4"}],"replies":[{"embeddable":true,"href":"https:\/\/eldiariodesanpedro.com.ar\/sitio\/wp-json\/wp\/v2\/comments?post=109304"}],"version-history":[{"count":1,"href":"https:\/\/eldiariodesanpedro.com.ar\/sitio\/wp-json\/wp\/v2\/posts\/109304\/revisions"}],"predecessor-version":[{"id":109305,"href":"https:\/\/eldiariodesanpedro.com.ar\/sitio\/wp-json\/wp\/v2\/posts\/109304\/revisions\/109305"}],"wp:featuredmedia":[{"embeddable":true,"href":"https:\/\/eldiariodesanpedro.com.ar\/sitio\/wp-json\/wp\/v2\/media\/56555"}],"wp:attachment":[{"href":"https:\/\/eldiariodesanpedro.com.ar\/sitio\/wp-json\/wp\/v2\/media?parent=109304"}],"wp:term":[{"taxonomy":"category","embeddable":true,"href":"https:\/\/eldiariodesanpedro.com.ar\/sitio\/wp-json\/wp\/v2\/categories?post=109304"},{"taxonomy":"post_tag","embeddable":true,"href":"https:\/\/eldiariodesanpedro.com.ar\/sitio\/wp-json\/wp\/v2\/tags?post=109304"}],"curies":[{"name":"wp","href":"https:\/\/api.w.org\/{rel}","templated":true}]}}