{"id":109301,"date":"2022-08-02T18:48:32","date_gmt":"2022-08-02T21:48:32","guid":{"rendered":"https:\/\/eldiariodesanpedro.com.ar\/sitio\/?p=109301"},"modified":"2022-08-02T18:48:32","modified_gmt":"2022-08-02T21:48:32","slug":"desde-enero-hasta-julio-se-registraron-357-accidentes-de-transitos","status":"publish","type":"post","link":"https:\/\/eldiariodesanpedro.com.ar\/sitio\/desde-enero-hasta-julio-se-registraron-357-accidentes-de-transitos\/","title":{"rendered":"Desde enero hasta julio se registraron 357 accidentes de tr\u00e1nsitos"},"content":{"rendered":"<!-- VideographyWP Plugin Message: Automatic video embedding prevented by plugin options. -->\n\n<p>La Secretar\u00eda de Seguridad de la Municipalidad de San Pedro presenta el informe correspondiente al primer semestre del a\u00f1o, elaborado con los registros que se cargan cotidianamente sobre las caracter\u00edsticas de los accidentes que son reportados en el Partido. Durante el per\u00edodo de enero a julio del corriente a\u00f1o se contabilizaron 357 accidentes.<\/p>\n\n\n\n<p>De acuerdo al informe presentado, en el 50% (295) de los accidentes intervinieron veh\u00edculos (autom\u00f3viles, camionetas y camiones). En un 42% (249) de los accidentes intervinieron motocicletas, en un 7% (39) bicicletas y en el 1% restante (8) intervinieron peatones.<\/p>\n\n\n\n<p>Esta informaci\u00f3n es volcada en el registro anual que confecciona la Secretar\u00eda y que es considerado para el an\u00e1lisis de la situaci\u00f3n general, las campa\u00f1as de prevenci\u00f3n y los operativos de control.<\/p>\n\n\n\n<figure class=\"wp-block-image size-full\"><img decoding=\"async\" width=\"630\" height=\"630\" data-attachment-id=\"109302\" data-permalink=\"https:\/\/eldiariodesanpedro.com.ar\/sitio\/desde-enero-hasta-julio-se-registraron-357-accidentes-de-transitos\/whatsapp-image-2022-08-02-at-2-02-13-pm\/\" data-orig-file=\"https:\/\/eldiariodesanpedro.com.ar\/sitio\/wp-content\/uploads\/2022\/08\/WhatsApp-Image-2022-08-02-at-2.02.13-PM.jpeg\" data-orig-size=\"630,630\" data-comments-opened=\"0\" data-image-meta=\"{&quot;aperture&quot;:&quot;0&quot;,&quot;credit&quot;:&quot;&quot;,&quot;camera&quot;:&quot;&quot;,&quot;caption&quot;:&quot;&quot;,&quot;created_timestamp&quot;:&quot;0&quot;,&quot;copyright&quot;:&quot;&quot;,&quot;focal_length&quot;:&quot;0&quot;,&quot;iso&quot;:&quot;0&quot;,&quot;shutter_speed&quot;:&quot;0&quot;,&quot;title&quot;:&quot;&quot;,&quot;orientation&quot;:&quot;0&quot;}\" data-image-title=\"WhatsApp Image 2022-08-02 at 2.02.13 PM\" data-image-description=\"\" data-image-caption=\"\" data-large-file=\"https:\/\/eldiariodesanpedro.com.ar\/sitio\/wp-content\/uploads\/2022\/08\/WhatsApp-Image-2022-08-02-at-2.02.13-PM.jpeg\" data-src=\"https:\/\/eldiariodesanpedro.com.ar\/sitio\/wp-content\/uploads\/2022\/08\/WhatsApp-Image-2022-08-02-at-2.02.13-PM.jpeg\" alt=\"\" class=\"wp-image-109302 lazyload\" data-srcset=\"https:\/\/eldiariodesanpedro.com.ar\/sitio\/wp-content\/uploads\/2022\/08\/WhatsApp-Image-2022-08-02-at-2.02.13-PM.jpeg 630w, https:\/\/eldiariodesanpedro.com.ar\/sitio\/wp-content\/uploads\/2022\/08\/WhatsApp-Image-2022-08-02-at-2.02.13-PM-300x300.jpeg 300w, https:\/\/eldiariodesanpedro.com.ar\/sitio\/wp-content\/uploads\/2022\/08\/WhatsApp-Image-2022-08-02-at-2.02.13-PM-150x150.jpeg 150w\" data-sizes=\"(max-width: 630px) 100vw, 630px\" src=\"data:image\/svg+xml;base64,PHN2ZyB3aWR0aD0iMSIgaGVpZ2h0PSIxIiB4bWxucz0iaHR0cDovL3d3dy53My5vcmcvMjAwMC9zdmciPjwvc3ZnPg==\" style=\"--smush-placeholder-width: 630px; --smush-placeholder-aspect-ratio: 630\/630;\" \/><\/figure>\n","protected":false},"excerpt":{"rendered":"<p>La Secretar\u00eda de Seguridad de la Municipalidad de San Pedro presenta el informe correspondiente al primer semestre del a\u00f1o, elaborado con los registros que se cargan cotidianamente sobre las caracter\u00edsticas de los accidentes que son reportados en el Partido. Durante el per\u00edodo de enero a julio del corriente a\u00f1o se contabilizaron 357 accidentes. De acuerdo [&hellip;]<\/p>\n","protected":false},"author":4,"featured_media":108552,"comment_status":"closed","ping_status":"closed","sticky":false,"template":"","format":"standard","meta":{"om_disable_all_campaigns":false,"_jetpack_memberships_contains_paid_content":false,"footnotes":""},"categories":[50,101,2],"tags":[197,696,33,19],"class_list":["post-109301","post","type-post","status-publish","format-standard","has-post-thumbnail","hentry","category-destacadas","category-interes-general-locales","category-locales","tag-buenos-aires","tag-interes-general","tag-locales","tag-san-pedro"],"aioseo_notices":[],"gutentor_comment":0,"jetpack_featured_media_url":"https:\/\/eldiariodesanpedro.com.ar\/sitio\/wp-content\/uploads\/2022\/06\/WhatsApp-Image-2022-06-30-at-5.25.30-PM.jpeg","jetpack_shortlink":"https:\/\/wp.me\/p6RhLt-sqV","jetpack_sharing_enabled":true,"_links":{"self":[{"href":"https:\/\/eldiariodesanpedro.com.ar\/sitio\/wp-json\/wp\/v2\/posts\/109301","targetHints":{"allow":["GET"]}}],"collection":[{"href":"https:\/\/eldiariodesanpedro.com.ar\/sitio\/wp-json\/wp\/v2\/posts"}],"about":[{"href":"https:\/\/eldiariodesanpedro.com.ar\/sitio\/wp-json\/wp\/v2\/types\/post"}],"author":[{"embeddable":true,"href":"https:\/\/eldiariodesanpedro.com.ar\/sitio\/wp-json\/wp\/v2\/users\/4"}],"replies":[{"embeddable":true,"href":"https:\/\/eldiariodesanpedro.com.ar\/sitio\/wp-json\/wp\/v2\/comments?post=109301"}],"version-history":[{"count":1,"href":"https:\/\/eldiariodesanpedro.com.ar\/sitio\/wp-json\/wp\/v2\/posts\/109301\/revisions"}],"predecessor-version":[{"id":109303,"href":"https:\/\/eldiariodesanpedro.com.ar\/sitio\/wp-json\/wp\/v2\/posts\/109301\/revisions\/109303"}],"wp:featuredmedia":[{"embeddable":true,"href":"https:\/\/eldiariodesanpedro.com.ar\/sitio\/wp-json\/wp\/v2\/media\/108552"}],"wp:attachment":[{"href":"https:\/\/eldiariodesanpedro.com.ar\/sitio\/wp-json\/wp\/v2\/media?parent=109301"}],"wp:term":[{"taxonomy":"category","embeddable":true,"href":"https:\/\/eldiariodesanpedro.com.ar\/sitio\/wp-json\/wp\/v2\/categories?post=109301"},{"taxonomy":"post_tag","embeddable":true,"href":"https:\/\/eldiariodesanpedro.com.ar\/sitio\/wp-json\/wp\/v2\/tags?post=109301"}],"curies":[{"name":"wp","href":"https:\/\/api.w.org\/{rel}","templated":true}]}}