{"id":109168,"date":"2022-07-29T11:24:49","date_gmt":"2022-07-29T14:24:49","guid":{"rendered":"https:\/\/eldiariodesanpedro.com.ar\/sitio\/?p=109168"},"modified":"2022-07-29T11:24:50","modified_gmt":"2022-07-29T14:24:50","slug":"choque-entre-un-camion-y-una-moto-el-camionero-no-tenia-carnet-de-conducir-y-se-quiso-dar-a-la-fuga","status":"publish","type":"post","link":"https:\/\/eldiariodesanpedro.com.ar\/sitio\/choque-entre-un-camion-y-una-moto-el-camionero-no-tenia-carnet-de-conducir-y-se-quiso-dar-a-la-fuga\/","title":{"rendered":"Choque entre un cami\u00f3n y una moto, el camionero no tenia carnet de conducir y se quiso dar a la fuga"},"content":{"rendered":"<!-- VideographyWP Plugin Message: Automatic video embedding prevented by plugin options. -->\n\n<p>En el d\u00eda de ayer promediando las 08:30 hs personal Policial a ra\u00edz llamado 911 emergencias, acude a calle Pellegrini e Irlanda, en donde por razones tratase de establecer, un cami\u00f3n Mercedes Benz conducido por ciudadano de 60 a\u00f1os de edad, colisiona con motocicleta Yamaha YBR guiada por&nbsp; una femeninas de 42 a\u00f1os, siendo \u00e9sta \u00faltima trasladada hacia el nosocomio local, constat\u00e1ndose lesiones de car\u00e1cter leves, por lo que la UFI 7 Local dispone entrega de veh\u00edculos y dem\u00e1s recaudos legales.<\/p>\n\n\n\n<p>Adem\u00e1s se pudo constatar que el chofer del cami\u00f3n no presentaba con carnet de conducir profesional habilitado.<\/p>\n\n\n\n<p>Tambi\u00e9n momentos despu\u00e9s del accidente y tras el trasladado de la persona herida, el conductor del cami\u00f3n se trata de fugar del lugar del accidente siendo interceptado por los efectivos policiales cuadras despu\u00e9s.<\/p>\n\n\n\n<figure class=\"wp-block-image size-large\"><img decoding=\"async\" width=\"1024\" height=\"547\" data-attachment-id=\"109169\" data-permalink=\"https:\/\/eldiariodesanpedro.com.ar\/sitio\/choque-entre-un-camion-y-una-moto-el-camionero-no-tenia-carnet-de-conducir-y-se-quiso-dar-a-la-fuga\/whatsapp-image-2022-07-28-at-9-13-53-am-1\/\" data-orig-file=\"https:\/\/eldiariodesanpedro.com.ar\/sitio\/wp-content\/uploads\/2022\/07\/WhatsApp-Image-2022-07-28-at-9.13.53-AM-1.jpeg\" data-orig-size=\"1080,577\" data-comments-opened=\"0\" data-image-meta=\"{&quot;aperture&quot;:&quot;0&quot;,&quot;credit&quot;:&quot;&quot;,&quot;camera&quot;:&quot;&quot;,&quot;caption&quot;:&quot;&quot;,&quot;created_timestamp&quot;:&quot;0&quot;,&quot;copyright&quot;:&quot;&quot;,&quot;focal_length&quot;:&quot;0&quot;,&quot;iso&quot;:&quot;0&quot;,&quot;shutter_speed&quot;:&quot;0&quot;,&quot;title&quot;:&quot;&quot;,&quot;orientation&quot;:&quot;0&quot;}\" data-image-title=\"WhatsApp Image 2022-07-28 at 9.13.53 AM (1)\" data-image-description=\"\" data-image-caption=\"\" data-large-file=\"https:\/\/eldiariodesanpedro.com.ar\/sitio\/wp-content\/uploads\/2022\/07\/WhatsApp-Image-2022-07-28-at-9.13.53-AM-1-1024x547.jpeg\" data-src=\"https:\/\/eldiariodesanpedro.com.ar\/sitio\/wp-content\/uploads\/2022\/07\/WhatsApp-Image-2022-07-28-at-9.13.53-AM-1-1024x547.jpeg\" alt=\"\" class=\"wp-image-109169 lazyload\" data-srcset=\"https:\/\/eldiariodesanpedro.com.ar\/sitio\/wp-content\/uploads\/2022\/07\/WhatsApp-Image-2022-07-28-at-9.13.53-AM-1-1024x547.jpeg 1024w, https:\/\/eldiariodesanpedro.com.ar\/sitio\/wp-content\/uploads\/2022\/07\/WhatsApp-Image-2022-07-28-at-9.13.53-AM-1-300x160.jpeg 300w, https:\/\/eldiariodesanpedro.com.ar\/sitio\/wp-content\/uploads\/2022\/07\/WhatsApp-Image-2022-07-28-at-9.13.53-AM-1-768x410.jpeg 768w, https:\/\/eldiariodesanpedro.com.ar\/sitio\/wp-content\/uploads\/2022\/07\/WhatsApp-Image-2022-07-28-at-9.13.53-AM-1.jpeg 1080w\" data-sizes=\"(max-width: 1024px) 100vw, 1024px\" src=\"data:image\/svg+xml;base64,PHN2ZyB3aWR0aD0iMSIgaGVpZ2h0PSIxIiB4bWxucz0iaHR0cDovL3d3dy53My5vcmcvMjAwMC9zdmciPjwvc3ZnPg==\" style=\"--smush-placeholder-width: 1024px; --smush-placeholder-aspect-ratio: 1024\/547;\" \/><\/figure>\n","protected":false},"excerpt":{"rendered":"<p>En el d\u00eda de ayer promediando las 08:30 hs personal Policial a ra\u00edz llamado 911 emergencias, acude a calle Pellegrini e Irlanda, en donde por razones tratase de establecer, un cami\u00f3n Mercedes Benz conducido por ciudadano de 60 a\u00f1os de edad, colisiona con motocicleta Yamaha YBR guiada por&nbsp; una femeninas de 42 a\u00f1os, siendo \u00e9sta [&hellip;]<\/p>\n","protected":false},"author":4,"featured_media":109170,"comment_status":"closed","ping_status":"closed","sticky":false,"template":"","format":"standard","meta":{"om_disable_all_campaigns":false,"_jetpack_memberships_contains_paid_content":false,"footnotes":""},"categories":[50,2,103],"tags":[],"class_list":["post-109168","post","type-post","status-publish","format-standard","has-post-thumbnail","hentry","category-destacadas","category-locales","category-policiales-locales"],"aioseo_notices":[],"gutentor_comment":0,"jetpack_featured_media_url":"https:\/\/eldiariodesanpedro.com.ar\/sitio\/wp-content\/uploads\/2022\/07\/WhatsApp-Image-2022-07-28-at-9.13.53-AM.jpeg","jetpack_shortlink":"https:\/\/wp.me\/p6RhLt-soM","jetpack_sharing_enabled":true,"_links":{"self":[{"href":"https:\/\/eldiariodesanpedro.com.ar\/sitio\/wp-json\/wp\/v2\/posts\/109168","targetHints":{"allow":["GET"]}}],"collection":[{"href":"https:\/\/eldiariodesanpedro.com.ar\/sitio\/wp-json\/wp\/v2\/posts"}],"about":[{"href":"https:\/\/eldiariodesanpedro.com.ar\/sitio\/wp-json\/wp\/v2\/types\/post"}],"author":[{"embeddable":true,"href":"https:\/\/eldiariodesanpedro.com.ar\/sitio\/wp-json\/wp\/v2\/users\/4"}],"replies":[{"embeddable":true,"href":"https:\/\/eldiariodesanpedro.com.ar\/sitio\/wp-json\/wp\/v2\/comments?post=109168"}],"version-history":[{"count":1,"href":"https:\/\/eldiariodesanpedro.com.ar\/sitio\/wp-json\/wp\/v2\/posts\/109168\/revisions"}],"predecessor-version":[{"id":109171,"href":"https:\/\/eldiariodesanpedro.com.ar\/sitio\/wp-json\/wp\/v2\/posts\/109168\/revisions\/109171"}],"wp:featuredmedia":[{"embeddable":true,"href":"https:\/\/eldiariodesanpedro.com.ar\/sitio\/wp-json\/wp\/v2\/media\/109170"}],"wp:attachment":[{"href":"https:\/\/eldiariodesanpedro.com.ar\/sitio\/wp-json\/wp\/v2\/media?parent=109168"}],"wp:term":[{"taxonomy":"category","embeddable":true,"href":"https:\/\/eldiariodesanpedro.com.ar\/sitio\/wp-json\/wp\/v2\/categories?post=109168"},{"taxonomy":"post_tag","embeddable":true,"href":"https:\/\/eldiariodesanpedro.com.ar\/sitio\/wp-json\/wp\/v2\/tags?post=109168"}],"curies":[{"name":"wp","href":"https:\/\/api.w.org\/{rel}","templated":true}]}}