{"id":109152,"date":"2022-07-29T10:02:24","date_gmt":"2022-07-29T13:02:24","guid":{"rendered":"https:\/\/eldiariodesanpedro.com.ar\/sitio\/?p=109152"},"modified":"2022-07-29T10:02:25","modified_gmt":"2022-07-29T13:02:25","slug":"uta-convoca-a-un-paro-nacional-el-martes-2-de-agosto","status":"publish","type":"post","link":"https:\/\/eldiariodesanpedro.com.ar\/sitio\/uta-convoca-a-un-paro-nacional-el-martes-2-de-agosto\/","title":{"rendered":"UTA convoca a un paro nacional el martes 2 de agosto"},"content":{"rendered":"<!-- VideographyWP Plugin Message: Automatic video embedding prevented by plugin options. -->\n\n<p>Con el reclamo de un bono de 25 mil pesos en el centro de sus reclamos, la Uni\u00f3n Tranviarios Automotor (UTA) anunci\u00f3 un paro nacional por 24 horas para el pr\u00f3ximo martes, lo que afectar\u00e1 el servicio interurbano en San Pedro y la regi\u00f3n.<\/p>\n\n\n\n<p>La Uni\u00f3n Tranviarios Automotor (UTA) anunci\u00f3 que el martes que viene realizar\u00e1 un paro nacional de colectiveros ante la negativa de las empresas de otorgar a los trabajadores un bono de 25.000 pesos en el marco de su reclamo para adelantar la revisi\u00f3n paritaria, confirmaron fuentes del gremio a El Cronista.<\/p>\n\n\n\n<p>En la sede de Callao del Ministerio de Trabajo, los dirigidos por Roberto Fern\u00e1ndez recibieron la negativa patronal con el argumento de que el Estado le debe a las empresas una suma millonaria en subsidios.<\/p>\n\n\n\n<p>Fuentes de la cartera laboral aseguraron que pese a la falta de acuerdo en la audiencia del mi\u00e9rcoles, se qued\u00f3 para un nuevo encuentro el mi\u00e9rcoles de la semana que viene.<\/p>\n\n\n\n<p>Sin embargo, la convocatoria al paro para un d\u00eda antes de esa cita quiz\u00e1 modifique la agenda, ya que en Trabajo ten\u00edan la expectativa que el sindicato quedara \u00aben alerta\u00bb sin pasar a\u00fan a la acci\u00f3n huelgu\u00edstica.<\/p>\n","protected":false},"excerpt":{"rendered":"<p>Con el reclamo de un bono de 25 mil pesos en el centro de sus reclamos, la Uni\u00f3n Tranviarios Automotor (UTA) anunci\u00f3 un paro nacional por 24 horas para el pr\u00f3ximo martes, lo que afectar\u00e1 el servicio interurbano en San Pedro y la regi\u00f3n. La Uni\u00f3n Tranviarios Automotor (UTA) anunci\u00f3 que el martes que viene [&hellip;]<\/p>\n","protected":false},"author":4,"featured_media":3996,"comment_status":"closed","ping_status":"closed","sticky":false,"template":"","format":"standard","meta":{"om_disable_all_campaigns":false,"_jetpack_memberships_contains_paid_content":false,"footnotes":""},"categories":[101,2],"tags":[197,696,33,19],"class_list":["post-109152","post","type-post","status-publish","format-standard","has-post-thumbnail","hentry","category-interes-general-locales","category-locales","tag-buenos-aires","tag-interes-general","tag-locales","tag-san-pedro"],"aioseo_notices":[],"gutentor_comment":0,"jetpack_featured_media_url":"https:\/\/eldiariodesanpedro.com.ar\/sitio\/wp-content\/uploads\/2016\/05\/verselli-1.jpg","jetpack_shortlink":"https:\/\/wp.me\/p6RhLt-sow","jetpack_sharing_enabled":true,"_links":{"self":[{"href":"https:\/\/eldiariodesanpedro.com.ar\/sitio\/wp-json\/wp\/v2\/posts\/109152","targetHints":{"allow":["GET"]}}],"collection":[{"href":"https:\/\/eldiariodesanpedro.com.ar\/sitio\/wp-json\/wp\/v2\/posts"}],"about":[{"href":"https:\/\/eldiariodesanpedro.com.ar\/sitio\/wp-json\/wp\/v2\/types\/post"}],"author":[{"embeddable":true,"href":"https:\/\/eldiariodesanpedro.com.ar\/sitio\/wp-json\/wp\/v2\/users\/4"}],"replies":[{"embeddable":true,"href":"https:\/\/eldiariodesanpedro.com.ar\/sitio\/wp-json\/wp\/v2\/comments?post=109152"}],"version-history":[{"count":1,"href":"https:\/\/eldiariodesanpedro.com.ar\/sitio\/wp-json\/wp\/v2\/posts\/109152\/revisions"}],"predecessor-version":[{"id":109153,"href":"https:\/\/eldiariodesanpedro.com.ar\/sitio\/wp-json\/wp\/v2\/posts\/109152\/revisions\/109153"}],"wp:featuredmedia":[{"embeddable":true,"href":"https:\/\/eldiariodesanpedro.com.ar\/sitio\/wp-json\/wp\/v2\/media\/3996"}],"wp:attachment":[{"href":"https:\/\/eldiariodesanpedro.com.ar\/sitio\/wp-json\/wp\/v2\/media?parent=109152"}],"wp:term":[{"taxonomy":"category","embeddable":true,"href":"https:\/\/eldiariodesanpedro.com.ar\/sitio\/wp-json\/wp\/v2\/categories?post=109152"},{"taxonomy":"post_tag","embeddable":true,"href":"https:\/\/eldiariodesanpedro.com.ar\/sitio\/wp-json\/wp\/v2\/tags?post=109152"}],"curies":[{"name":"wp","href":"https:\/\/api.w.org\/{rel}","templated":true}]}}