{"id":109135,"date":"2022-07-28T18:58:04","date_gmt":"2022-07-28T21:58:04","guid":{"rendered":"https:\/\/eldiariodesanpedro.com.ar\/sitio\/?p=109135"},"modified":"2022-07-28T18:58:05","modified_gmt":"2022-07-28T21:58:05","slug":"se-realizaron-cinco-allanamientos-donde-se-detuvieron-delincuentes-con-frondosos-antecedentes-por-raid-delictivos","status":"publish","type":"post","link":"https:\/\/eldiariodesanpedro.com.ar\/sitio\/se-realizaron-cinco-allanamientos-donde-se-detuvieron-delincuentes-con-frondosos-antecedentes-por-raid-delictivos\/","title":{"rendered":"Se realizaron cinco allanamientos donde se detuvieron delincuentes con frondosos antecedentes por raid delictivos"},"content":{"rendered":"<!-- VideographyWP Plugin Message: Automatic video embedding prevented by plugin options. -->\n\n<p>Tras distintas tareas investigativas realizadas por personal del gabinete criminol\u00f3gico de la comisar\u00eda junto con DDI local, la justicia ordinaria de San Nicol\u00e1s extendi\u00f3 sendas \u00f3rdenes de allanamiento y detenci\u00f3n para los imputados de distintos hechos de \u201crobo agravado reiterado\u201d .&nbsp;<\/p>\n\n\n\n<p>Entre la madrugada de hoy y la noche de ayer, el personal policial de la comisar\u00eda Gabinete Criminol\u00f3gico, DDI, y grupo de apoyo GAD, diligenciaron 5 \u00f3rdenes de allanamiento. Los objetivos tuvieron lugar en calle 24 de febrero 1200, otro en Col\u00f3n&nbsp; al 2400, y otro en Caron\u00ed al 1400 todos de San Pedro, como as\u00ed otros dos domicilios alternativos.&nbsp;<\/p>\n\n\n\n<p>Se efect\u00faa la detenci\u00f3n por orden judicial de dos reconocidos delincuentes de 22 y 33 a\u00f1os de edad, frondoso prontuario por distintos delitos, mientras que un tercer delincuente de 29 a\u00f1os de edad, se halla pr\u00f3fugo de la justicia al no ser encontrado en su domicilio y sobre el cual se procura su captura. Tambi\u00e9n estuvo aprehendida y liberada la concubina del delincuente de 22 a\u00f1os, una mujer de 18 a\u00f1os de edad, a quien se le secuestr\u00f3 sustancia coca\u00edna en su poder.&nbsp;<\/p>\n\n\n\n<p>Los detenidos permanecen en sede judicial a disposici\u00f3n de la Fiscal\u00eda local. los hechos que dieron lugar al inicio de esta resultancia judicial, ocurriendo en la noche del Lunes pr\u00f3ximo pasado, cuando dos delincuentes a bordo de senda motocicleta cometieron raid delictivo de robo agravado en cuatro domicilios distintos alejados uno de otros, donde ingresaron irrumpiendo y sustrayendo efectos personales de los cuales se procura recuperar, en dos de los mismos agrediendo y lesionando levemente a moradores.&nbsp;<\/p>\n\n\n\n<p>Las tareas policiales y judiciales llevaron a la identificaci\u00f3n de los autores que ahora permanecen detenidos.&nbsp;<\/p>\n\n\n\n<p>Asimismo se los investiga y vincula con otro delitos acaecidos recientemente en mis a modalidad.&nbsp;<\/p>\n\n\n\n<p>El detenido de 22 a\u00f1os y la concubina de 18 antes referidos, fueron claramente identificados en hecho acaecido la semana pr\u00f3xima pasada en un domicilio de calle Independencia al 600&nbsp; sustrajeran distintos efectos, habiendo sido captados por c\u00e1maras de seguridad y cuyas im\u00e1genes fueron viralizadas y de p\u00fablico conocimiento.en la diligencia de calle Caron\u00ed se aprehendi\u00f3 a la concubina del detenido de 33 a\u00f1os, que entorpeciendo la labor policial durante el allanamiento y opuso resistencia, posteriormente liberada. Interviene la fiscal\u00eda local.<\/p>\n","protected":false},"excerpt":{"rendered":"<p>Tras distintas tareas investigativas realizadas por personal del gabinete criminol\u00f3gico de la comisar\u00eda junto con DDI local, la justicia ordinaria de San Nicol\u00e1s extendi\u00f3 sendas \u00f3rdenes de allanamiento y detenci\u00f3n para los imputados de distintos hechos de \u201crobo agravado reiterado\u201d .&nbsp; Entre la madrugada de hoy y la noche de ayer, el personal policial de [&hellip;]<\/p>\n","protected":false},"author":4,"featured_media":109136,"comment_status":"closed","ping_status":"closed","sticky":false,"template":"","format":"standard","meta":{"om_disable_all_campaigns":false,"_jetpack_memberships_contains_paid_content":false,"footnotes":""},"categories":[50,2,103],"tags":[197,33,95,19],"class_list":["post-109135","post","type-post","status-publish","format-standard","has-post-thumbnail","hentry","category-destacadas","category-locales","category-policiales-locales","tag-buenos-aires","tag-locales","tag-policiales","tag-san-pedro"],"aioseo_notices":[],"gutentor_comment":0,"jetpack_featured_media_url":"https:\/\/eldiariodesanpedro.com.ar\/sitio\/wp-content\/uploads\/2022\/07\/Detenidos-.jpg","jetpack_shortlink":"https:\/\/wp.me\/p6RhLt-sof","jetpack_sharing_enabled":true,"_links":{"self":[{"href":"https:\/\/eldiariodesanpedro.com.ar\/sitio\/wp-json\/wp\/v2\/posts\/109135","targetHints":{"allow":["GET"]}}],"collection":[{"href":"https:\/\/eldiariodesanpedro.com.ar\/sitio\/wp-json\/wp\/v2\/posts"}],"about":[{"href":"https:\/\/eldiariodesanpedro.com.ar\/sitio\/wp-json\/wp\/v2\/types\/post"}],"author":[{"embeddable":true,"href":"https:\/\/eldiariodesanpedro.com.ar\/sitio\/wp-json\/wp\/v2\/users\/4"}],"replies":[{"embeddable":true,"href":"https:\/\/eldiariodesanpedro.com.ar\/sitio\/wp-json\/wp\/v2\/comments?post=109135"}],"version-history":[{"count":1,"href":"https:\/\/eldiariodesanpedro.com.ar\/sitio\/wp-json\/wp\/v2\/posts\/109135\/revisions"}],"predecessor-version":[{"id":109137,"href":"https:\/\/eldiariodesanpedro.com.ar\/sitio\/wp-json\/wp\/v2\/posts\/109135\/revisions\/109137"}],"wp:featuredmedia":[{"embeddable":true,"href":"https:\/\/eldiariodesanpedro.com.ar\/sitio\/wp-json\/wp\/v2\/media\/109136"}],"wp:attachment":[{"href":"https:\/\/eldiariodesanpedro.com.ar\/sitio\/wp-json\/wp\/v2\/media?parent=109135"}],"wp:term":[{"taxonomy":"category","embeddable":true,"href":"https:\/\/eldiariodesanpedro.com.ar\/sitio\/wp-json\/wp\/v2\/categories?post=109135"},{"taxonomy":"post_tag","embeddable":true,"href":"https:\/\/eldiariodesanpedro.com.ar\/sitio\/wp-json\/wp\/v2\/tags?post=109135"}],"curies":[{"name":"wp","href":"https:\/\/api.w.org\/{rel}","templated":true}]}}