{"id":109130,"date":"2022-07-28T18:46:51","date_gmt":"2022-07-28T21:46:51","guid":{"rendered":"https:\/\/eldiariodesanpedro.com.ar\/sitio\/?p=109130"},"modified":"2022-07-28T18:46:51","modified_gmt":"2022-07-28T21:46:51","slug":"ruta-9-retiraron-el-glifosato-derramado-en-un-accidente","status":"publish","type":"post","link":"https:\/\/eldiariodesanpedro.com.ar\/sitio\/ruta-9-retiraron-el-glifosato-derramado-en-un-accidente\/","title":{"rendered":"Ruta 9: Retiraron el glifosato derramado en un accidente"},"content":{"rendered":"<!-- VideographyWP Plugin Message: Automatic video embedding prevented by plugin options. -->\n\n<p>Durante varias horas se trabajo debajo del puente en el kil\u00f3metro 150 para retirar el producto derramado tras el choque del mi\u00e9rcoles.<\/p>\n\n\n\n<p>Luego del grave accidente ocurrido el mi\u00e9rcoles cuando dos veh\u00edculos cayeron del puente que cruza el arroyo El Tala sobre el kil\u00f3metro 150 de la Ruta 9, personal especializado debi\u00f3 retirar el l\u00edquido glifosato que el cami\u00f3n transportaba en bidones.<\/p>\n\n\n\n<p>Polic\u00eda Ecol\u00f3gica, representantes de la empresa Singenta y la firma local Insepro, dedicada a areas de este tipo, trabajaron para retirar los bidones y todos los elementos que pueden ser perjudiciales para la salud de las personas.<\/p>\n\n\n\n<p>\u00abTrabajamos varias horas, comenzamos el mi\u00e9rcoles a las 15.30 y terminamos como a las cuatro de la ma\u00f1ana\u00bb.<\/p>\n\n\n\n<p>\u00abEran 960 bidones de 25 litros cada uno, un volumen muy importante. El mayor porcentaje no se da\u00f1\u00f3, se aboll\u00f3, pero siempre parte de la carga se rompe y pasa a ser material peligroso\u00bb, explic\u00f3 Luis Silva en el aire de FM G\u00e9nesis.<\/p>\n\n\n\n<p>Los trabajos en el lugar ya culminaron pero resta hacer una evaluaci\u00f3n final.<\/p>\n\n\n\n<p>\u00abAhora lo que hay que hacer es una segunda etapa para identificar el da\u00f1o con el suelo contaminado\u00bb.<\/p>\n\n\n\n<figure class=\"wp-block-image size-large\"><img decoding=\"async\" width=\"1024\" height=\"576\" data-attachment-id=\"109132\" data-permalink=\"https:\/\/eldiariodesanpedro.com.ar\/sitio\/ruta-9-retiraron-el-glifosato-derramado-en-un-accidente\/0000021093-resized-1920x1080\/\" data-orig-file=\"https:\/\/eldiariodesanpedro.com.ar\/sitio\/wp-content\/uploads\/2022\/07\/0000021093-resized-1920x1080-1.jpg\" data-orig-size=\"1120,630\" data-comments-opened=\"0\" data-image-meta=\"{&quot;aperture&quot;:&quot;0&quot;,&quot;credit&quot;:&quot;&quot;,&quot;camera&quot;:&quot;&quot;,&quot;caption&quot;:&quot;&quot;,&quot;created_timestamp&quot;:&quot;0&quot;,&quot;copyright&quot;:&quot;&quot;,&quot;focal_length&quot;:&quot;0&quot;,&quot;iso&quot;:&quot;0&quot;,&quot;shutter_speed&quot;:&quot;0&quot;,&quot;title&quot;:&quot;&quot;,&quot;orientation&quot;:&quot;0&quot;}\" data-image-title=\"0000021093-resized-1920&amp;#215;1080\" data-image-description=\"\" data-image-caption=\"\" data-large-file=\"https:\/\/eldiariodesanpedro.com.ar\/sitio\/wp-content\/uploads\/2022\/07\/0000021093-resized-1920x1080-1-1024x576.jpg\" data-src=\"https:\/\/eldiariodesanpedro.com.ar\/sitio\/wp-content\/uploads\/2022\/07\/0000021093-resized-1920x1080-1-1024x576.jpg\" alt=\"\" class=\"wp-image-109132 lazyload\" data-srcset=\"https:\/\/eldiariodesanpedro.com.ar\/sitio\/wp-content\/uploads\/2022\/07\/0000021093-resized-1920x1080-1-1024x576.jpg 1024w, https:\/\/eldiariodesanpedro.com.ar\/sitio\/wp-content\/uploads\/2022\/07\/0000021093-resized-1920x1080-1-300x169.jpg 300w, https:\/\/eldiariodesanpedro.com.ar\/sitio\/wp-content\/uploads\/2022\/07\/0000021093-resized-1920x1080-1-768x432.jpg 768w, https:\/\/eldiariodesanpedro.com.ar\/sitio\/wp-content\/uploads\/2022\/07\/0000021093-resized-1920x1080-1.jpg 1120w\" data-sizes=\"(max-width: 1024px) 100vw, 1024px\" src=\"data:image\/svg+xml;base64,PHN2ZyB3aWR0aD0iMSIgaGVpZ2h0PSIxIiB4bWxucz0iaHR0cDovL3d3dy53My5vcmcvMjAwMC9zdmciPjwvc3ZnPg==\" style=\"--smush-placeholder-width: 1024px; --smush-placeholder-aspect-ratio: 1024\/576;\" \/><\/figure>\n\n\n\n<figure class=\"wp-block-image size-full\"><img decoding=\"async\" width=\"899\" height=\"590\" data-attachment-id=\"109133\" data-permalink=\"https:\/\/eldiariodesanpedro.com.ar\/sitio\/ruta-9-retiraron-el-glifosato-derramado-en-un-accidente\/descarga-91\/\" data-orig-file=\"https:\/\/eldiariodesanpedro.com.ar\/sitio\/wp-content\/uploads\/2022\/07\/descarga.jpg\" data-orig-size=\"899,590\" data-comments-opened=\"0\" data-image-meta=\"{&quot;aperture&quot;:&quot;0&quot;,&quot;credit&quot;:&quot;&quot;,&quot;camera&quot;:&quot;&quot;,&quot;caption&quot;:&quot;&quot;,&quot;created_timestamp&quot;:&quot;0&quot;,&quot;copyright&quot;:&quot;&quot;,&quot;focal_length&quot;:&quot;0&quot;,&quot;iso&quot;:&quot;0&quot;,&quot;shutter_speed&quot;:&quot;0&quot;,&quot;title&quot;:&quot;&quot;,&quot;orientation&quot;:&quot;0&quot;}\" data-image-title=\"descarga\" data-image-description=\"\" data-image-caption=\"\" data-large-file=\"https:\/\/eldiariodesanpedro.com.ar\/sitio\/wp-content\/uploads\/2022\/07\/descarga.jpg\" data-src=\"https:\/\/eldiariodesanpedro.com.ar\/sitio\/wp-content\/uploads\/2022\/07\/descarga.jpg\" alt=\"\" class=\"wp-image-109133 lazyload\" data-srcset=\"https:\/\/eldiariodesanpedro.com.ar\/sitio\/wp-content\/uploads\/2022\/07\/descarga.jpg 899w, https:\/\/eldiariodesanpedro.com.ar\/sitio\/wp-content\/uploads\/2022\/07\/descarga-300x197.jpg 300w, https:\/\/eldiariodesanpedro.com.ar\/sitio\/wp-content\/uploads\/2022\/07\/descarga-768x504.jpg 768w\" data-sizes=\"(max-width: 899px) 100vw, 899px\" src=\"data:image\/svg+xml;base64,PHN2ZyB3aWR0aD0iMSIgaGVpZ2h0PSIxIiB4bWxucz0iaHR0cDovL3d3dy53My5vcmcvMjAwMC9zdmciPjwvc3ZnPg==\" style=\"--smush-placeholder-width: 899px; --smush-placeholder-aspect-ratio: 899\/590;\" \/><\/figure>\n\n\n\n<p><\/p>\n","protected":false},"excerpt":{"rendered":"<p>Durante varias horas se trabajo debajo del puente en el kil\u00f3metro 150 para retirar el producto derramado tras el choque del mi\u00e9rcoles. Luego del grave accidente ocurrido el mi\u00e9rcoles cuando dos veh\u00edculos cayeron del puente que cruza el arroyo El Tala sobre el kil\u00f3metro 150 de la Ruta 9, personal especializado debi\u00f3 retirar el l\u00edquido [&hellip;]<\/p>\n","protected":false},"author":4,"featured_media":109131,"comment_status":"closed","ping_status":"closed","sticky":false,"template":"","format":"standard","meta":{"om_disable_all_campaigns":false,"_jetpack_memberships_contains_paid_content":false,"footnotes":""},"categories":[50,101,2],"tags":[197,696,33,19],"class_list":["post-109130","post","type-post","status-publish","format-standard","has-post-thumbnail","hentry","category-destacadas","category-interes-general-locales","category-locales","tag-buenos-aires","tag-interes-general","tag-locales","tag-san-pedro"],"aioseo_notices":[],"gutentor_comment":0,"jetpack_featured_media_url":"https:\/\/eldiariodesanpedro.com.ar\/sitio\/wp-content\/uploads\/2022\/07\/295850003_375474231351115_2086177505207276695_n.jpg","jetpack_shortlink":"https:\/\/wp.me\/p6RhLt-soa","jetpack_sharing_enabled":true,"_links":{"self":[{"href":"https:\/\/eldiariodesanpedro.com.ar\/sitio\/wp-json\/wp\/v2\/posts\/109130","targetHints":{"allow":["GET"]}}],"collection":[{"href":"https:\/\/eldiariodesanpedro.com.ar\/sitio\/wp-json\/wp\/v2\/posts"}],"about":[{"href":"https:\/\/eldiariodesanpedro.com.ar\/sitio\/wp-json\/wp\/v2\/types\/post"}],"author":[{"embeddable":true,"href":"https:\/\/eldiariodesanpedro.com.ar\/sitio\/wp-json\/wp\/v2\/users\/4"}],"replies":[{"embeddable":true,"href":"https:\/\/eldiariodesanpedro.com.ar\/sitio\/wp-json\/wp\/v2\/comments?post=109130"}],"version-history":[{"count":1,"href":"https:\/\/eldiariodesanpedro.com.ar\/sitio\/wp-json\/wp\/v2\/posts\/109130\/revisions"}],"predecessor-version":[{"id":109134,"href":"https:\/\/eldiariodesanpedro.com.ar\/sitio\/wp-json\/wp\/v2\/posts\/109130\/revisions\/109134"}],"wp:featuredmedia":[{"embeddable":true,"href":"https:\/\/eldiariodesanpedro.com.ar\/sitio\/wp-json\/wp\/v2\/media\/109131"}],"wp:attachment":[{"href":"https:\/\/eldiariodesanpedro.com.ar\/sitio\/wp-json\/wp\/v2\/media?parent=109130"}],"wp:term":[{"taxonomy":"category","embeddable":true,"href":"https:\/\/eldiariodesanpedro.com.ar\/sitio\/wp-json\/wp\/v2\/categories?post=109130"},{"taxonomy":"post_tag","embeddable":true,"href":"https:\/\/eldiariodesanpedro.com.ar\/sitio\/wp-json\/wp\/v2\/tags?post=109130"}],"curies":[{"name":"wp","href":"https:\/\/api.w.org\/{rel}","templated":true}]}}