{"id":109123,"date":"2022-07-28T18:08:58","date_gmt":"2022-07-28T21:08:58","guid":{"rendered":"https:\/\/eldiariodesanpedro.com.ar\/sitio\/?p=109123"},"modified":"2022-07-28T18:08:58","modified_gmt":"2022-07-28T21:08:58","slug":"un-camion-y-un-automovil-cayeron-desde-el-puente-del-arroyo-el-tala-y-milagrosamente-no-hubo-heridos-graves","status":"publish","type":"post","link":"https:\/\/eldiariodesanpedro.com.ar\/sitio\/un-camion-y-un-automovil-cayeron-desde-el-puente-del-arroyo-el-tala-y-milagrosamente-no-hubo-heridos-graves\/","title":{"rendered":"Un cami\u00f3n y un autom\u00f3vil cayeron desde el puente del Arroyo El Tala y milagrosamente no hubo heridos graves"},"content":{"rendered":"<!-- VideographyWP Plugin Message: Automatic video embedding prevented by plugin options. -->\n\n<p>Dos personas resultaron heridas luego de que los rodados que conduc\u00edan colisionaran entre s\u00ed. Sucedi\u00f3 en el mediod\u00eda del mi\u00e9rcoles en el carril Buenos Aires- Rosario.<\/p>\n\n\n\n<p>Un violento siniestro vial se origin\u00f3 en el mediod\u00eda del mi\u00e9rcoles sobre el kil\u00f3metro 150 de la Ruta Nacional N\u00ba 9, carril Buenos Aires- Rosario.<\/p>\n\n\n\n<p>All\u00ed por motivos que se deben establecer colisionaron un un auto Chevrolet Corsa de color negro y un cami\u00f3n Mercedes Benz que transportaba bidones con agroqu\u00edmicos.<\/p>\n\n\n\n<p>Los veh\u00edculos circulaban en la misma direcci\u00f3n y debido al impacto ambos cayeron del puente que cruza el arroyo El Tala.<\/p>\n\n\n\n<p>El violento incidente hizo que debieran intervenir una dotaci\u00f3n de Bomberos Voluntarios de San Pedro adem\u00e1s de Polic\u00eda, Gendarmer\u00eda y Same 107.<\/p>\n\n\n\n<p>Ambos choferes, Luciano Dami\u00e1n D\u00edaz de 32 a\u00f1os, oriundo de La Matanza, y Julio Marcelo Souza de 48, y oriundo de Z\u00e1rate, tuvieron que ser rescatados y asistidos para luego trasladarlos a la guardia del Hospital local debido a las lesiones sufridas.<\/p>\n\n\n\n<p>El accidente no gener\u00f3 contratiempos con respecto a la normal circulaci\u00f3n sobre ese tramo de la ruta pero s\u00ed importantes deterioros sobre los guardarrail de contenci\u00f3n del puente.<\/p>\n\n\n\n<iframe data-src=\"https:\/\/www.facebook.com\/plugins\/video.php?height=314&#038;href=https%3A%2F%2Fwww.facebook.com%2Fdiariosp2%2Fvideos%2F906497644076011%2F&#038;show_text=false&#038;width=560&#038;t=0\" width=\"560\" height=\"314\" style=\"border:none;overflow:hidden\" scrolling=\"no\" frameborder=\"0\" allowfullscreen=\"true\" allow=\"autoplay; clipboard-write; encrypted-media; picture-in-picture; web-share\" allowFullScreen=\"true\" src=\"data:image\/svg+xml;base64,PHN2ZyB3aWR0aD0iMSIgaGVpZ2h0PSIxIiB4bWxucz0iaHR0cDovL3d3dy53My5vcmcvMjAwMC9zdmciPjwvc3ZnPg==\" class=\"lazyload\" data-load-mode=\"1\"><\/iframe>\n\n\n\n<figure class=\"wp-block-image size-large\"><img decoding=\"async\" width=\"1024\" height=\"576\" data-attachment-id=\"109124\" data-permalink=\"https:\/\/eldiariodesanpedro.com.ar\/sitio\/un-camion-y-un-automovil-cayeron-desde-el-puente-del-arroyo-el-tala-y-milagrosamente-no-hubo-heridos-graves\/295696462_375473901351148_8728731281047723492_n\/\" data-orig-file=\"https:\/\/eldiariodesanpedro.com.ar\/sitio\/wp-content\/uploads\/2022\/07\/295696462_375473901351148_8728731281047723492_n.jpg\" data-orig-size=\"1120,630\" data-comments-opened=\"0\" data-image-meta=\"{&quot;aperture&quot;:&quot;0&quot;,&quot;credit&quot;:&quot;&quot;,&quot;camera&quot;:&quot;&quot;,&quot;caption&quot;:&quot;&quot;,&quot;created_timestamp&quot;:&quot;0&quot;,&quot;copyright&quot;:&quot;&quot;,&quot;focal_length&quot;:&quot;0&quot;,&quot;iso&quot;:&quot;0&quot;,&quot;shutter_speed&quot;:&quot;0&quot;,&quot;title&quot;:&quot;&quot;,&quot;orientation&quot;:&quot;0&quot;}\" data-image-title=\"295696462_375473901351148_8728731281047723492_n\" data-image-description=\"\" data-image-caption=\"\" data-large-file=\"https:\/\/eldiariodesanpedro.com.ar\/sitio\/wp-content\/uploads\/2022\/07\/295696462_375473901351148_8728731281047723492_n-1024x576.jpg\" data-src=\"https:\/\/eldiariodesanpedro.com.ar\/sitio\/wp-content\/uploads\/2022\/07\/295696462_375473901351148_8728731281047723492_n-1024x576.jpg\" alt=\"\" class=\"wp-image-109124 lazyload\" data-srcset=\"https:\/\/eldiariodesanpedro.com.ar\/sitio\/wp-content\/uploads\/2022\/07\/295696462_375473901351148_8728731281047723492_n-1024x576.jpg 1024w, https:\/\/eldiariodesanpedro.com.ar\/sitio\/wp-content\/uploads\/2022\/07\/295696462_375473901351148_8728731281047723492_n-300x169.jpg 300w, https:\/\/eldiariodesanpedro.com.ar\/sitio\/wp-content\/uploads\/2022\/07\/295696462_375473901351148_8728731281047723492_n-768x432.jpg 768w, https:\/\/eldiariodesanpedro.com.ar\/sitio\/wp-content\/uploads\/2022\/07\/295696462_375473901351148_8728731281047723492_n.jpg 1120w\" data-sizes=\"(max-width: 1024px) 100vw, 1024px\" src=\"data:image\/svg+xml;base64,PHN2ZyB3aWR0aD0iMSIgaGVpZ2h0PSIxIiB4bWxucz0iaHR0cDovL3d3dy53My5vcmcvMjAwMC9zdmciPjwvc3ZnPg==\" style=\"--smush-placeholder-width: 1024px; --smush-placeholder-aspect-ratio: 1024\/576;\" \/><\/figure>\n\n\n\n<figure class=\"wp-block-image size-large\"><img decoding=\"async\" width=\"1024\" height=\"498\" data-attachment-id=\"109125\" data-permalink=\"https:\/\/eldiariodesanpedro.com.ar\/sitio\/un-camion-y-un-automovil-cayeron-desde-el-puente-del-arroyo-el-tala-y-milagrosamente-no-hubo-heridos-graves\/295778449_375476331350905_3740791139676713378_n\/\" data-orig-file=\"https:\/\/eldiariodesanpedro.com.ar\/sitio\/wp-content\/uploads\/2022\/07\/295778449_375476331350905_3740791139676713378_n.jpg\" data-orig-size=\"1200,584\" data-comments-opened=\"0\" data-image-meta=\"{&quot;aperture&quot;:&quot;0&quot;,&quot;credit&quot;:&quot;&quot;,&quot;camera&quot;:&quot;&quot;,&quot;caption&quot;:&quot;&quot;,&quot;created_timestamp&quot;:&quot;0&quot;,&quot;copyright&quot;:&quot;&quot;,&quot;focal_length&quot;:&quot;0&quot;,&quot;iso&quot;:&quot;0&quot;,&quot;shutter_speed&quot;:&quot;0&quot;,&quot;title&quot;:&quot;&quot;,&quot;orientation&quot;:&quot;0&quot;}\" data-image-title=\"295778449_375476331350905_3740791139676713378_n\" data-image-description=\"\" data-image-caption=\"\" data-large-file=\"https:\/\/eldiariodesanpedro.com.ar\/sitio\/wp-content\/uploads\/2022\/07\/295778449_375476331350905_3740791139676713378_n-1024x498.jpg\" data-src=\"https:\/\/eldiariodesanpedro.com.ar\/sitio\/wp-content\/uploads\/2022\/07\/295778449_375476331350905_3740791139676713378_n-1024x498.jpg\" alt=\"\" class=\"wp-image-109125 lazyload\" data-srcset=\"https:\/\/eldiariodesanpedro.com.ar\/sitio\/wp-content\/uploads\/2022\/07\/295778449_375476331350905_3740791139676713378_n-1024x498.jpg 1024w, https:\/\/eldiariodesanpedro.com.ar\/sitio\/wp-content\/uploads\/2022\/07\/295778449_375476331350905_3740791139676713378_n-300x146.jpg 300w, https:\/\/eldiariodesanpedro.com.ar\/sitio\/wp-content\/uploads\/2022\/07\/295778449_375476331350905_3740791139676713378_n-768x374.jpg 768w, https:\/\/eldiariodesanpedro.com.ar\/sitio\/wp-content\/uploads\/2022\/07\/295778449_375476331350905_3740791139676713378_n.jpg 1200w\" data-sizes=\"(max-width: 1024px) 100vw, 1024px\" src=\"data:image\/svg+xml;base64,PHN2ZyB3aWR0aD0iMSIgaGVpZ2h0PSIxIiB4bWxucz0iaHR0cDovL3d3dy53My5vcmcvMjAwMC9zdmciPjwvc3ZnPg==\" style=\"--smush-placeholder-width: 1024px; --smush-placeholder-aspect-ratio: 1024\/498;\" \/><\/figure>\n\n\n\n<figure class=\"wp-block-image size-large\"><img decoding=\"async\" width=\"1024\" height=\"576\" data-attachment-id=\"109128\" data-permalink=\"https:\/\/eldiariodesanpedro.com.ar\/sitio\/un-camion-y-un-automovil-cayeron-desde-el-puente-del-arroyo-el-tala-y-milagrosamente-no-hubo-heridos-graves\/296001517_375474688017736_4331743292801639507_n\/\" data-orig-file=\"https:\/\/eldiariodesanpedro.com.ar\/sitio\/wp-content\/uploads\/2022\/07\/296001517_375474688017736_4331743292801639507_n.jpg\" data-orig-size=\"1120,630\" data-comments-opened=\"0\" data-image-meta=\"{&quot;aperture&quot;:&quot;0&quot;,&quot;credit&quot;:&quot;&quot;,&quot;camera&quot;:&quot;&quot;,&quot;caption&quot;:&quot;&quot;,&quot;created_timestamp&quot;:&quot;0&quot;,&quot;copyright&quot;:&quot;&quot;,&quot;focal_length&quot;:&quot;0&quot;,&quot;iso&quot;:&quot;0&quot;,&quot;shutter_speed&quot;:&quot;0&quot;,&quot;title&quot;:&quot;&quot;,&quot;orientation&quot;:&quot;0&quot;}\" data-image-title=\"296001517_375474688017736_4331743292801639507_n\" data-image-description=\"\" data-image-caption=\"\" data-large-file=\"https:\/\/eldiariodesanpedro.com.ar\/sitio\/wp-content\/uploads\/2022\/07\/296001517_375474688017736_4331743292801639507_n-1024x576.jpg\" data-src=\"https:\/\/eldiariodesanpedro.com.ar\/sitio\/wp-content\/uploads\/2022\/07\/296001517_375474688017736_4331743292801639507_n-1024x576.jpg\" alt=\"\" class=\"wp-image-109128 lazyload\" data-srcset=\"https:\/\/eldiariodesanpedro.com.ar\/sitio\/wp-content\/uploads\/2022\/07\/296001517_375474688017736_4331743292801639507_n-1024x576.jpg 1024w, https:\/\/eldiariodesanpedro.com.ar\/sitio\/wp-content\/uploads\/2022\/07\/296001517_375474688017736_4331743292801639507_n-300x169.jpg 300w, https:\/\/eldiariodesanpedro.com.ar\/sitio\/wp-content\/uploads\/2022\/07\/296001517_375474688017736_4331743292801639507_n-768x432.jpg 768w, https:\/\/eldiariodesanpedro.com.ar\/sitio\/wp-content\/uploads\/2022\/07\/296001517_375474688017736_4331743292801639507_n.jpg 1120w\" data-sizes=\"(max-width: 1024px) 100vw, 1024px\" src=\"data:image\/svg+xml;base64,PHN2ZyB3aWR0aD0iMSIgaGVpZ2h0PSIxIiB4bWxucz0iaHR0cDovL3d3dy53My5vcmcvMjAwMC9zdmciPjwvc3ZnPg==\" style=\"--smush-placeholder-width: 1024px; --smush-placeholder-aspect-ratio: 1024\/576;\" \/><\/figure>\n","protected":false},"excerpt":{"rendered":"<p>Dos personas resultaron heridas luego de que los rodados que conduc\u00edan colisionaran entre s\u00ed. Sucedi\u00f3 en el mediod\u00eda del mi\u00e9rcoles en el carril Buenos Aires- Rosario. Un violento siniestro vial se origin\u00f3 en el mediod\u00eda del mi\u00e9rcoles sobre el kil\u00f3metro 150 de la Ruta Nacional N\u00ba 9, carril Buenos Aires- Rosario. All\u00ed por motivos que [&hellip;]<\/p>\n","protected":false},"author":4,"featured_media":109126,"comment_status":"closed","ping_status":"closed","sticky":false,"template":"","format":"standard","meta":{"om_disable_all_campaigns":false,"_jetpack_memberships_contains_paid_content":false,"footnotes":""},"categories":[50,2,103],"tags":[],"class_list":["post-109123","post","type-post","status-publish","format-standard","has-post-thumbnail","hentry","category-destacadas","category-locales","category-policiales-locales"],"aioseo_notices":[],"gutentor_comment":0,"jetpack_featured_media_url":"https:\/\/eldiariodesanpedro.com.ar\/sitio\/wp-content\/uploads\/2022\/07\/295973400_375474474684424_7140936592143301639_n.jpg","jetpack_shortlink":"https:\/\/wp.me\/p6RhLt-so3","jetpack_sharing_enabled":true,"_links":{"self":[{"href":"https:\/\/eldiariodesanpedro.com.ar\/sitio\/wp-json\/wp\/v2\/posts\/109123","targetHints":{"allow":["GET"]}}],"collection":[{"href":"https:\/\/eldiariodesanpedro.com.ar\/sitio\/wp-json\/wp\/v2\/posts"}],"about":[{"href":"https:\/\/eldiariodesanpedro.com.ar\/sitio\/wp-json\/wp\/v2\/types\/post"}],"author":[{"embeddable":true,"href":"https:\/\/eldiariodesanpedro.com.ar\/sitio\/wp-json\/wp\/v2\/users\/4"}],"replies":[{"embeddable":true,"href":"https:\/\/eldiariodesanpedro.com.ar\/sitio\/wp-json\/wp\/v2\/comments?post=109123"}],"version-history":[{"count":1,"href":"https:\/\/eldiariodesanpedro.com.ar\/sitio\/wp-json\/wp\/v2\/posts\/109123\/revisions"}],"predecessor-version":[{"id":109129,"href":"https:\/\/eldiariodesanpedro.com.ar\/sitio\/wp-json\/wp\/v2\/posts\/109123\/revisions\/109129"}],"wp:featuredmedia":[{"embeddable":true,"href":"https:\/\/eldiariodesanpedro.com.ar\/sitio\/wp-json\/wp\/v2\/media\/109126"}],"wp:attachment":[{"href":"https:\/\/eldiariodesanpedro.com.ar\/sitio\/wp-json\/wp\/v2\/media?parent=109123"}],"wp:term":[{"taxonomy":"category","embeddable":true,"href":"https:\/\/eldiariodesanpedro.com.ar\/sitio\/wp-json\/wp\/v2\/categories?post=109123"},{"taxonomy":"post_tag","embeddable":true,"href":"https:\/\/eldiariodesanpedro.com.ar\/sitio\/wp-json\/wp\/v2\/tags?post=109123"}],"curies":[{"name":"wp","href":"https:\/\/api.w.org\/{rel}","templated":true}]}}