{"id":109118,"date":"2022-07-28T17:30:40","date_gmt":"2022-07-28T20:30:40","guid":{"rendered":"https:\/\/eldiariodesanpedro.com.ar\/sitio\/?p=109118"},"modified":"2022-07-28T17:30:40","modified_gmt":"2022-07-28T20:30:40","slug":"reconocimiento-a-los-participantes-de-la-fiesta-de-la-naranja-de-ombligo","status":"publish","type":"post","link":"https:\/\/eldiariodesanpedro.com.ar\/sitio\/reconocimiento-a-los-participantes-de-la-fiesta-de-la-naranja-de-ombligo\/","title":{"rendered":"Reconocimiento a los participantes de la Fiesta de la Naranja de Ombligo"},"content":{"rendered":"<!-- VideographyWP Plugin Message: Automatic video embedding prevented by plugin options. -->\n\n<p>Se llev\u00f3 a cabo en el Sal\u00f3n Dorado del Honorable Concejo Deliberante un reconocimiento por parte del Intendente Dr. Ram\u00f3n Salazar y su equipo de gobierno a productores, viveristas, empresarios, comerciantes, emprendedores, trabajadores rurales, embaladores y entidades agropecuarias, quienes formaron parte de la cuarta edici\u00f3n de la Fiesta de la Naranja de Ombligo y trabajaron en conjunto para el desarrollo de este evento.<\/p>\n\n\n\n<p>Antes de comenzar los reconocimientos, el Jefe Comunal agradeci\u00f3 a los presentes por el trabajo realizado, remarcando la uni\u00f3n de todos para el exitoso desempe\u00f1o de la fiesta. \u201cNo es f\u00e1cil reunir a tantas personas de distintos \u00e1mbitos y que trabajen en forma conjunta y con tanto empe\u00f1o\u201d destac\u00f3 el Dr. Salazar.<\/p>\n\n\n\n<p>Para finalizar, el Intendente indic\u00f3 que el municipio seguir\u00e1 impulsando a los productores para que contin\u00faen trabajando e invirtiendo en el desarrollo de productos de calidad, asegurando que \u201cestas fiestas son para promocionar la producci\u00f3n sampedina\u201d.<\/p>\n\n\n\n<p>El listado completo de los reconocidos esta tarde:<\/p>\n\n\n\n<ul class=\"wp-block-list\"><li>3 Soles<\/li><li>Abel Noat<\/li><li>Alejandro Guzzo<\/li><li>Alfredo Cancelar<\/li><li>Ana Patricia Silva<\/li><li>ANDAR<\/li><li>ASIACONB<\/li><li>C\u00e1mara de Viveristas<\/li><li>CAPROEM<\/li><li>Cooperadora del Hospital Sub-Zonal San Pedro<\/li><li>Cruz Roja<\/li><li>Eugenia Arbonies<\/li><li>FECOAPI<\/li><li>Frutos de la Tierra y el R\u00edo<\/li><li>Gomila<\/li><li>INASE<\/li><li>INTA<\/li><li>Jacobo Soria<\/li><li>Jorge Morresi<\/li><li>Jorge Taurizano<\/li><li>Jos\u00e9 Matera<\/li><li>La Campi\u00f1a<\/li><li>Marcelo Rosales<\/li><li>Nicol\u00e1s Pitzinger<\/li><li>Pablo Giglio<\/li><li>Pablo Jaime<\/li><li>Ram\u00f3n Barcel\u00f3<\/li><li>Ra\u00fal Ferragut<\/li><li>Rub\u00e9n Artigues<\/li><li>Rub\u00e9n Pascual<\/li><li>Santiago Rolfo<\/li><li>Sebasti\u00e1n Ginart<\/li><li>SEDA<\/li><li>SENASA<\/li><li>Tom Jug<\/li><li>Vivero El Pampero<\/li><li>Vivero Santa Isabel<\/li><li>Walter Malacalza<\/li><li>Jorge Mansilla<\/li><li>Mario Lescano<\/li><li>Mario Moreno<\/li><li>Miguel G\u00f3mez<\/li><li>Pablo Almeida<\/li><li>Patricia Veloso<\/li><li>Ra\u00fal Aguiar<\/li><li>Roque Ben\u00edtez<\/li><\/ul>\n\n\n\n<figure class=\"wp-block-image size-full\"><img decoding=\"async\" width=\"945\" height=\"630\" data-attachment-id=\"109120\" data-permalink=\"https:\/\/eldiariodesanpedro.com.ar\/sitio\/reconocimiento-a-los-participantes-de-la-fiesta-de-la-naranja-de-ombligo\/whatsapp-image-2022-07-27-at-8-19-11-pm-1\/\" data-orig-file=\"https:\/\/eldiariodesanpedro.com.ar\/sitio\/wp-content\/uploads\/2022\/07\/WhatsApp-Image-2022-07-27-at-8.19.11-PM-1.jpeg\" data-orig-size=\"945,630\" data-comments-opened=\"0\" data-image-meta=\"{&quot;aperture&quot;:&quot;0&quot;,&quot;credit&quot;:&quot;&quot;,&quot;camera&quot;:&quot;&quot;,&quot;caption&quot;:&quot;&quot;,&quot;created_timestamp&quot;:&quot;0&quot;,&quot;copyright&quot;:&quot;&quot;,&quot;focal_length&quot;:&quot;0&quot;,&quot;iso&quot;:&quot;0&quot;,&quot;shutter_speed&quot;:&quot;0&quot;,&quot;title&quot;:&quot;&quot;,&quot;orientation&quot;:&quot;0&quot;}\" data-image-title=\"WhatsApp Image 2022-07-27 at 8.19.11 PM (1)\" data-image-description=\"\" data-image-caption=\"\" data-large-file=\"https:\/\/eldiariodesanpedro.com.ar\/sitio\/wp-content\/uploads\/2022\/07\/WhatsApp-Image-2022-07-27-at-8.19.11-PM-1.jpeg\" data-src=\"https:\/\/eldiariodesanpedro.com.ar\/sitio\/wp-content\/uploads\/2022\/07\/WhatsApp-Image-2022-07-27-at-8.19.11-PM-1.jpeg\" alt=\"\" class=\"wp-image-109120 lazyload\" data-srcset=\"https:\/\/eldiariodesanpedro.com.ar\/sitio\/wp-content\/uploads\/2022\/07\/WhatsApp-Image-2022-07-27-at-8.19.11-PM-1.jpeg 945w, https:\/\/eldiariodesanpedro.com.ar\/sitio\/wp-content\/uploads\/2022\/07\/WhatsApp-Image-2022-07-27-at-8.19.11-PM-1-300x200.jpeg 300w, https:\/\/eldiariodesanpedro.com.ar\/sitio\/wp-content\/uploads\/2022\/07\/WhatsApp-Image-2022-07-27-at-8.19.11-PM-1-768x512.jpeg 768w\" data-sizes=\"(max-width: 945px) 100vw, 945px\" src=\"data:image\/svg+xml;base64,PHN2ZyB3aWR0aD0iMSIgaGVpZ2h0PSIxIiB4bWxucz0iaHR0cDovL3d3dy53My5vcmcvMjAwMC9zdmciPjwvc3ZnPg==\" style=\"--smush-placeholder-width: 945px; --smush-placeholder-aspect-ratio: 945\/630;\" \/><\/figure>\n\n\n\n<figure class=\"wp-block-image size-full\"><img decoding=\"async\" width=\"945\" height=\"630\" data-attachment-id=\"109121\" data-permalink=\"https:\/\/eldiariodesanpedro.com.ar\/sitio\/reconocimiento-a-los-participantes-de-la-fiesta-de-la-naranja-de-ombligo\/whatsapp-image-2022-07-27-at-8-19-12-pm\/\" data-orig-file=\"https:\/\/eldiariodesanpedro.com.ar\/sitio\/wp-content\/uploads\/2022\/07\/WhatsApp-Image-2022-07-27-at-8.19.12-PM.jpeg\" data-orig-size=\"945,630\" data-comments-opened=\"0\" data-image-meta=\"{&quot;aperture&quot;:&quot;0&quot;,&quot;credit&quot;:&quot;&quot;,&quot;camera&quot;:&quot;&quot;,&quot;caption&quot;:&quot;&quot;,&quot;created_timestamp&quot;:&quot;0&quot;,&quot;copyright&quot;:&quot;&quot;,&quot;focal_length&quot;:&quot;0&quot;,&quot;iso&quot;:&quot;0&quot;,&quot;shutter_speed&quot;:&quot;0&quot;,&quot;title&quot;:&quot;&quot;,&quot;orientation&quot;:&quot;0&quot;}\" data-image-title=\"WhatsApp Image 2022-07-27 at 8.19.12 PM\" data-image-description=\"\" data-image-caption=\"\" data-large-file=\"https:\/\/eldiariodesanpedro.com.ar\/sitio\/wp-content\/uploads\/2022\/07\/WhatsApp-Image-2022-07-27-at-8.19.12-PM.jpeg\" data-src=\"https:\/\/eldiariodesanpedro.com.ar\/sitio\/wp-content\/uploads\/2022\/07\/WhatsApp-Image-2022-07-27-at-8.19.12-PM.jpeg\" alt=\"\" class=\"wp-image-109121 lazyload\" data-srcset=\"https:\/\/eldiariodesanpedro.com.ar\/sitio\/wp-content\/uploads\/2022\/07\/WhatsApp-Image-2022-07-27-at-8.19.12-PM.jpeg 945w, https:\/\/eldiariodesanpedro.com.ar\/sitio\/wp-content\/uploads\/2022\/07\/WhatsApp-Image-2022-07-27-at-8.19.12-PM-300x200.jpeg 300w, https:\/\/eldiariodesanpedro.com.ar\/sitio\/wp-content\/uploads\/2022\/07\/WhatsApp-Image-2022-07-27-at-8.19.12-PM-768x512.jpeg 768w\" data-sizes=\"(max-width: 945px) 100vw, 945px\" src=\"data:image\/svg+xml;base64,PHN2ZyB3aWR0aD0iMSIgaGVpZ2h0PSIxIiB4bWxucz0iaHR0cDovL3d3dy53My5vcmcvMjAwMC9zdmciPjwvc3ZnPg==\" style=\"--smush-placeholder-width: 945px; --smush-placeholder-aspect-ratio: 945\/630;\" \/><\/figure>\n","protected":false},"excerpt":{"rendered":"<p>Se llev\u00f3 a cabo en el Sal\u00f3n Dorado del Honorable Concejo Deliberante un reconocimiento por parte del Intendente Dr. Ram\u00f3n Salazar y su equipo de gobierno a productores, viveristas, empresarios, comerciantes, emprendedores, trabajadores rurales, embaladores y entidades agropecuarias, quienes formaron parte de la cuarta edici\u00f3n de la Fiesta de la Naranja de Ombligo y trabajaron [&hellip;]<\/p>\n","protected":false},"author":4,"featured_media":109119,"comment_status":"closed","ping_status":"closed","sticky":false,"template":"","format":"standard","meta":{"om_disable_all_campaigns":false,"_jetpack_memberships_contains_paid_content":false,"footnotes":""},"categories":[50,101,2],"tags":[197,696,33,19],"class_list":["post-109118","post","type-post","status-publish","format-standard","has-post-thumbnail","hentry","category-destacadas","category-interes-general-locales","category-locales","tag-buenos-aires","tag-interes-general","tag-locales","tag-san-pedro"],"aioseo_notices":[],"gutentor_comment":0,"jetpack_featured_media_url":"https:\/\/eldiariodesanpedro.com.ar\/sitio\/wp-content\/uploads\/2022\/07\/WhatsApp-Image-2022-07-27-at-8.19.08-PM.jpeg","jetpack_shortlink":"https:\/\/wp.me\/p6RhLt-snY","jetpack_sharing_enabled":true,"_links":{"self":[{"href":"https:\/\/eldiariodesanpedro.com.ar\/sitio\/wp-json\/wp\/v2\/posts\/109118","targetHints":{"allow":["GET"]}}],"collection":[{"href":"https:\/\/eldiariodesanpedro.com.ar\/sitio\/wp-json\/wp\/v2\/posts"}],"about":[{"href":"https:\/\/eldiariodesanpedro.com.ar\/sitio\/wp-json\/wp\/v2\/types\/post"}],"author":[{"embeddable":true,"href":"https:\/\/eldiariodesanpedro.com.ar\/sitio\/wp-json\/wp\/v2\/users\/4"}],"replies":[{"embeddable":true,"href":"https:\/\/eldiariodesanpedro.com.ar\/sitio\/wp-json\/wp\/v2\/comments?post=109118"}],"version-history":[{"count":1,"href":"https:\/\/eldiariodesanpedro.com.ar\/sitio\/wp-json\/wp\/v2\/posts\/109118\/revisions"}],"predecessor-version":[{"id":109122,"href":"https:\/\/eldiariodesanpedro.com.ar\/sitio\/wp-json\/wp\/v2\/posts\/109118\/revisions\/109122"}],"wp:featuredmedia":[{"embeddable":true,"href":"https:\/\/eldiariodesanpedro.com.ar\/sitio\/wp-json\/wp\/v2\/media\/109119"}],"wp:attachment":[{"href":"https:\/\/eldiariodesanpedro.com.ar\/sitio\/wp-json\/wp\/v2\/media?parent=109118"}],"wp:term":[{"taxonomy":"category","embeddable":true,"href":"https:\/\/eldiariodesanpedro.com.ar\/sitio\/wp-json\/wp\/v2\/categories?post=109118"},{"taxonomy":"post_tag","embeddable":true,"href":"https:\/\/eldiariodesanpedro.com.ar\/sitio\/wp-json\/wp\/v2\/tags?post=109118"}],"curies":[{"name":"wp","href":"https:\/\/api.w.org\/{rel}","templated":true}]}}