{"id":109114,"date":"2022-07-28T14:40:18","date_gmt":"2022-07-28T17:40:18","guid":{"rendered":"https:\/\/eldiariodesanpedro.com.ar\/sitio\/?p=109114"},"modified":"2022-07-28T14:40:18","modified_gmt":"2022-07-28T17:40:18","slug":"estamos-en-tu-barrio-edicion-bajo-tala-2","status":"publish","type":"post","link":"https:\/\/eldiariodesanpedro.com.ar\/sitio\/estamos-en-tu-barrio-edicion-bajo-tala-2\/","title":{"rendered":"Estamos en tu Barrio, edici\u00f3n Bajo Tala"},"content":{"rendered":"<!-- VideographyWP Plugin Message: Automatic video embedding prevented by plugin options. -->\n\n<p>Continuando con el operativo de abordaje territorial de la Municipalidad de San Pedro, las \u00e1reas municipales en conjunto con otros organismos del Estado nacional y provincial, estar\u00e1n presentes el mi\u00e9rcoles 3 de agosto en el predio junto a la Escuela Primaria N\u00b0 45 de Bajo Tala, entre las 10.00 y las 13.00 hs.<\/p>\n\n\n\n<p>El programa que cuenta con la participaci\u00f3n de todas las \u00e1reas municipales, el vacunatorio San Pedro Vacunate, el ministerio de Trabajo, el CAJ, la Defensor\u00eda del Pueblo y la Comisar\u00eda de la Mujer y la Familia, concretar\u00e1 una nueva edici\u00f3n en la que recibir\u00e1 a vecinos y vecinas que podr\u00e1n realizar consultas e iniciar tr\u00e1mites; resolver inquietudes; recibir la vacuna contra Covid-19, neumon\u00eda o gripe; averiguar sobre programas y beneficios vigentes; entre otros puntos.<\/p>\n\n\n\n<figure class=\"wp-block-image size-full\"><img decoding=\"async\" width=\"630\" height=\"630\" data-attachment-id=\"109116\" data-permalink=\"https:\/\/eldiariodesanpedro.com.ar\/sitio\/estamos-en-tu-barrio-edicion-bajo-tala-2\/whatsapp-image-2022-07-27-at-10-59-09-am\/\" data-orig-file=\"https:\/\/eldiariodesanpedro.com.ar\/sitio\/wp-content\/uploads\/2022\/07\/WhatsApp-Image-2022-07-27-at-10.59.09-AM.jpeg\" data-orig-size=\"630,630\" data-comments-opened=\"0\" data-image-meta=\"{&quot;aperture&quot;:&quot;0&quot;,&quot;credit&quot;:&quot;&quot;,&quot;camera&quot;:&quot;&quot;,&quot;caption&quot;:&quot;&quot;,&quot;created_timestamp&quot;:&quot;0&quot;,&quot;copyright&quot;:&quot;&quot;,&quot;focal_length&quot;:&quot;0&quot;,&quot;iso&quot;:&quot;0&quot;,&quot;shutter_speed&quot;:&quot;0&quot;,&quot;title&quot;:&quot;&quot;,&quot;orientation&quot;:&quot;0&quot;}\" data-image-title=\"WhatsApp-Image-2022-07-27-at-10.59.09-AM\" data-image-description=\"\" data-image-caption=\"\" data-large-file=\"https:\/\/eldiariodesanpedro.com.ar\/sitio\/wp-content\/uploads\/2022\/07\/WhatsApp-Image-2022-07-27-at-10.59.09-AM.jpeg\" data-src=\"https:\/\/eldiariodesanpedro.com.ar\/sitio\/wp-content\/uploads\/2022\/07\/WhatsApp-Image-2022-07-27-at-10.59.09-AM.jpeg\" alt=\"\" class=\"wp-image-109116 lazyload\" data-srcset=\"https:\/\/eldiariodesanpedro.com.ar\/sitio\/wp-content\/uploads\/2022\/07\/WhatsApp-Image-2022-07-27-at-10.59.09-AM.jpeg 630w, https:\/\/eldiariodesanpedro.com.ar\/sitio\/wp-content\/uploads\/2022\/07\/WhatsApp-Image-2022-07-27-at-10.59.09-AM-300x300.jpeg 300w, https:\/\/eldiariodesanpedro.com.ar\/sitio\/wp-content\/uploads\/2022\/07\/WhatsApp-Image-2022-07-27-at-10.59.09-AM-150x150.jpeg 150w\" data-sizes=\"(max-width: 630px) 100vw, 630px\" src=\"data:image\/svg+xml;base64,PHN2ZyB3aWR0aD0iMSIgaGVpZ2h0PSIxIiB4bWxucz0iaHR0cDovL3d3dy53My5vcmcvMjAwMC9zdmciPjwvc3ZnPg==\" style=\"--smush-placeholder-width: 630px; --smush-placeholder-aspect-ratio: 630\/630;\" \/><\/figure>\n","protected":false},"excerpt":{"rendered":"<p>Continuando con el operativo de abordaje territorial de la Municipalidad de San Pedro, las \u00e1reas municipales en conjunto con otros organismos del Estado nacional y provincial, estar\u00e1n presentes el mi\u00e9rcoles 3 de agosto en el predio junto a la Escuela Primaria N\u00b0 45 de Bajo Tala, entre las 10.00 y las 13.00 hs. El programa [&hellip;]<\/p>\n","protected":false},"author":4,"featured_media":109115,"comment_status":"closed","ping_status":"closed","sticky":false,"template":"","format":"standard","meta":{"om_disable_all_campaigns":false,"_jetpack_memberships_contains_paid_content":false,"footnotes":""},"categories":[101,2],"tags":[197,696,33,19],"class_list":["post-109114","post","type-post","status-publish","format-standard","has-post-thumbnail","hentry","category-interes-general-locales","category-locales","tag-buenos-aires","tag-interes-general","tag-locales","tag-san-pedro"],"aioseo_notices":[],"gutentor_comment":0,"jetpack_featured_media_url":"https:\/\/eldiariodesanpedro.com.ar\/sitio\/wp-content\/uploads\/2022\/07\/40e62acf-65ac-4a94-87f4-08939de361a1.jpg","jetpack_shortlink":"https:\/\/wp.me\/p6RhLt-snU","jetpack_sharing_enabled":true,"_links":{"self":[{"href":"https:\/\/eldiariodesanpedro.com.ar\/sitio\/wp-json\/wp\/v2\/posts\/109114","targetHints":{"allow":["GET"]}}],"collection":[{"href":"https:\/\/eldiariodesanpedro.com.ar\/sitio\/wp-json\/wp\/v2\/posts"}],"about":[{"href":"https:\/\/eldiariodesanpedro.com.ar\/sitio\/wp-json\/wp\/v2\/types\/post"}],"author":[{"embeddable":true,"href":"https:\/\/eldiariodesanpedro.com.ar\/sitio\/wp-json\/wp\/v2\/users\/4"}],"replies":[{"embeddable":true,"href":"https:\/\/eldiariodesanpedro.com.ar\/sitio\/wp-json\/wp\/v2\/comments?post=109114"}],"version-history":[{"count":1,"href":"https:\/\/eldiariodesanpedro.com.ar\/sitio\/wp-json\/wp\/v2\/posts\/109114\/revisions"}],"predecessor-version":[{"id":109117,"href":"https:\/\/eldiariodesanpedro.com.ar\/sitio\/wp-json\/wp\/v2\/posts\/109114\/revisions\/109117"}],"wp:featuredmedia":[{"embeddable":true,"href":"https:\/\/eldiariodesanpedro.com.ar\/sitio\/wp-json\/wp\/v2\/media\/109115"}],"wp:attachment":[{"href":"https:\/\/eldiariodesanpedro.com.ar\/sitio\/wp-json\/wp\/v2\/media?parent=109114"}],"wp:term":[{"taxonomy":"category","embeddable":true,"href":"https:\/\/eldiariodesanpedro.com.ar\/sitio\/wp-json\/wp\/v2\/categories?post=109114"},{"taxonomy":"post_tag","embeddable":true,"href":"https:\/\/eldiariodesanpedro.com.ar\/sitio\/wp-json\/wp\/v2\/tags?post=109114"}],"curies":[{"name":"wp","href":"https:\/\/api.w.org\/{rel}","templated":true}]}}