{"id":109099,"date":"2022-07-28T13:27:38","date_gmt":"2022-07-28T16:27:38","guid":{"rendered":"https:\/\/eldiariodesanpedro.com.ar\/sitio\/?p=109099"},"modified":"2022-07-28T13:27:38","modified_gmt":"2022-07-28T16:27:38","slug":"firma-de-convenio-de-colaboracion-entre-la-municipalidad-de-san-pedro-y-el-ministerio-de-ambiente-de-la-provincia-de-buenos-aires","status":"publish","type":"post","link":"https:\/\/eldiariodesanpedro.com.ar\/sitio\/firma-de-convenio-de-colaboracion-entre-la-municipalidad-de-san-pedro-y-el-ministerio-de-ambiente-de-la-provincia-de-buenos-aires\/","title":{"rendered":"Firma de convenio de colaboraci\u00f3n entre la Municipalidad de San Pedro y el Ministerio de Ambiente de la provincia de Buenos Aires"},"content":{"rendered":"<!-- VideographyWP Plugin Message: Automatic video embedding prevented by plugin options. -->\n\n<p>Este lunes, el Intendente Dr. Ram\u00f3n Salazar se reuni\u00f3 con la Ministra de Ambiente, Daniela Vilar para llevar a cabo la firma de un convenio marco de colaboraci\u00f3n con el objetivo de acompa\u00f1ar y fortalecer las acciones de pol\u00edtica ambiental que viene realizando el municipio e implementar los diferentes programas que en materia ambiental lleva adelante el Ministerio.<\/p>\n\n\n\n<p>Durante el encuentro, se establecieron las pautas de cooperaci\u00f3n para comenzar acciones conjuntas dirigidas a la ejecuci\u00f3n de la pol\u00edtica ambiental de la provincia en la ciudad. Adem\u00e1s, se establece la realizaci\u00f3n de convenios espec\u00edficos que regir\u00e1n acciones y actividades concretas con la finalidad de mejorar la situaci\u00f3n ambiental del municipio, entre los que destacan un saneamiento progresivo del basural a cielo abierto, acompa\u00f1ado por la planificaci\u00f3n y coordinaci\u00f3n de pol\u00edticas de educaci\u00f3n ambiental.<\/p>\n\n\n\n<p>Participaron de la reuni\u00f3n, la subsecretaria de Residuos S\u00f3lidos Urbanos y Econom\u00eda Circular del Ministerio de Ambiente de la Provincia de Buenos Aires, Jaquelina Flores, el secretario de Desarrollo Econ\u00f3mico, Mart\u00edn Baraybar; el director de Ambiente Gustavo Sol\u00e1 y parte del equipo t\u00e9cnico del Ministerio.<\/p>\n\n\n\n<figure class=\"wp-block-image size-full\"><img decoding=\"async\" width=\"946\" height=\"630\" data-attachment-id=\"109102\" data-permalink=\"https:\/\/eldiariodesanpedro.com.ar\/sitio\/firma-de-convenio-de-colaboracion-entre-la-municipalidad-de-san-pedro-y-el-ministerio-de-ambiente-de-la-provincia-de-buenos-aires\/whatsapp-image-2022-07-26-at-6-13-53-pm\/\" data-orig-file=\"https:\/\/eldiariodesanpedro.com.ar\/sitio\/wp-content\/uploads\/2022\/07\/WhatsApp-Image-2022-07-26-at-6.13.53-PM.jpeg\" data-orig-size=\"946,630\" data-comments-opened=\"0\" data-image-meta=\"{&quot;aperture&quot;:&quot;0&quot;,&quot;credit&quot;:&quot;&quot;,&quot;camera&quot;:&quot;&quot;,&quot;caption&quot;:&quot;&quot;,&quot;created_timestamp&quot;:&quot;0&quot;,&quot;copyright&quot;:&quot;&quot;,&quot;focal_length&quot;:&quot;0&quot;,&quot;iso&quot;:&quot;0&quot;,&quot;shutter_speed&quot;:&quot;0&quot;,&quot;title&quot;:&quot;&quot;,&quot;orientation&quot;:&quot;0&quot;}\" data-image-title=\"WhatsApp Image 2022-07-26 at 6.13.53 PM\" data-image-description=\"\" data-image-caption=\"\" data-large-file=\"https:\/\/eldiariodesanpedro.com.ar\/sitio\/wp-content\/uploads\/2022\/07\/WhatsApp-Image-2022-07-26-at-6.13.53-PM.jpeg\" data-src=\"https:\/\/eldiariodesanpedro.com.ar\/sitio\/wp-content\/uploads\/2022\/07\/WhatsApp-Image-2022-07-26-at-6.13.53-PM.jpeg\" alt=\"\" class=\"wp-image-109102 lazyload\" data-srcset=\"https:\/\/eldiariodesanpedro.com.ar\/sitio\/wp-content\/uploads\/2022\/07\/WhatsApp-Image-2022-07-26-at-6.13.53-PM.jpeg 946w, https:\/\/eldiariodesanpedro.com.ar\/sitio\/wp-content\/uploads\/2022\/07\/WhatsApp-Image-2022-07-26-at-6.13.53-PM-300x200.jpeg 300w, https:\/\/eldiariodesanpedro.com.ar\/sitio\/wp-content\/uploads\/2022\/07\/WhatsApp-Image-2022-07-26-at-6.13.53-PM-768x511.jpeg 768w\" data-sizes=\"(max-width: 946px) 100vw, 946px\" src=\"data:image\/svg+xml;base64,PHN2ZyB3aWR0aD0iMSIgaGVpZ2h0PSIxIiB4bWxucz0iaHR0cDovL3d3dy53My5vcmcvMjAwMC9zdmciPjwvc3ZnPg==\" style=\"--smush-placeholder-width: 946px; --smush-placeholder-aspect-ratio: 946\/630;\" \/><\/figure>\n","protected":false},"excerpt":{"rendered":"<p>Este lunes, el Intendente Dr. Ram\u00f3n Salazar se reuni\u00f3 con la Ministra de Ambiente, Daniela Vilar para llevar a cabo la firma de un convenio marco de colaboraci\u00f3n con el objetivo de acompa\u00f1ar y fortalecer las acciones de pol\u00edtica ambiental que viene realizando el municipio e implementar los diferentes programas que en materia ambiental lleva [&hellip;]<\/p>\n","protected":false},"author":4,"featured_media":109100,"comment_status":"closed","ping_status":"closed","sticky":false,"template":"","format":"standard","meta":{"om_disable_all_campaigns":false,"_jetpack_memberships_contains_paid_content":false,"footnotes":""},"categories":[50,101,2],"tags":[197,696,33,19],"class_list":["post-109099","post","type-post","status-publish","format-standard","has-post-thumbnail","hentry","category-destacadas","category-interes-general-locales","category-locales","tag-buenos-aires","tag-interes-general","tag-locales","tag-san-pedro"],"aioseo_notices":[],"gutentor_comment":0,"jetpack_featured_media_url":"https:\/\/eldiariodesanpedro.com.ar\/sitio\/wp-content\/uploads\/2022\/07\/WhatsApp-Image-2022-07-26-at-6.13.52-PM-1.jpeg","jetpack_shortlink":"https:\/\/wp.me\/p6RhLt-snF","jetpack_sharing_enabled":true,"_links":{"self":[{"href":"https:\/\/eldiariodesanpedro.com.ar\/sitio\/wp-json\/wp\/v2\/posts\/109099","targetHints":{"allow":["GET"]}}],"collection":[{"href":"https:\/\/eldiariodesanpedro.com.ar\/sitio\/wp-json\/wp\/v2\/posts"}],"about":[{"href":"https:\/\/eldiariodesanpedro.com.ar\/sitio\/wp-json\/wp\/v2\/types\/post"}],"author":[{"embeddable":true,"href":"https:\/\/eldiariodesanpedro.com.ar\/sitio\/wp-json\/wp\/v2\/users\/4"}],"replies":[{"embeddable":true,"href":"https:\/\/eldiariodesanpedro.com.ar\/sitio\/wp-json\/wp\/v2\/comments?post=109099"}],"version-history":[{"count":1,"href":"https:\/\/eldiariodesanpedro.com.ar\/sitio\/wp-json\/wp\/v2\/posts\/109099\/revisions"}],"predecessor-version":[{"id":109103,"href":"https:\/\/eldiariodesanpedro.com.ar\/sitio\/wp-json\/wp\/v2\/posts\/109099\/revisions\/109103"}],"wp:featuredmedia":[{"embeddable":true,"href":"https:\/\/eldiariodesanpedro.com.ar\/sitio\/wp-json\/wp\/v2\/media\/109100"}],"wp:attachment":[{"href":"https:\/\/eldiariodesanpedro.com.ar\/sitio\/wp-json\/wp\/v2\/media?parent=109099"}],"wp:term":[{"taxonomy":"category","embeddable":true,"href":"https:\/\/eldiariodesanpedro.com.ar\/sitio\/wp-json\/wp\/v2\/categories?post=109099"},{"taxonomy":"post_tag","embeddable":true,"href":"https:\/\/eldiariodesanpedro.com.ar\/sitio\/wp-json\/wp\/v2\/tags?post=109099"}],"curies":[{"name":"wp","href":"https:\/\/api.w.org\/{rel}","templated":true}]}}