{"id":109095,"date":"2022-07-28T13:18:41","date_gmt":"2022-07-28T16:18:41","guid":{"rendered":"https:\/\/eldiariodesanpedro.com.ar\/sitio\/?p=109095"},"modified":"2022-07-28T13:18:41","modified_gmt":"2022-07-28T16:18:41","slug":"talleres-2022-del-centro-juvenil-de-santa-lucia","status":"publish","type":"post","link":"https:\/\/eldiariodesanpedro.com.ar\/sitio\/talleres-2022-del-centro-juvenil-de-santa-lucia\/","title":{"rendered":"Talleres 2022 del Centro Juvenil de Santa Luc\u00eda"},"content":{"rendered":"<!-- VideographyWP Plugin Message: Automatic video embedding prevented by plugin options. -->\n\n<p>La Municipalidad de San Pedro, a trav\u00e9s de la Secretar\u00eda de Desarrollo Humano informa que se encuentra abierta la inscripci\u00f3n a los talleres que se desarrollar\u00e1n en el Centro Juvenil de Santa Luc\u00eda, destinado de manera libre y gratuita a los j\u00f3venes de la localidad.<\/p>\n\n\n\n<p>Taller de ensamble musical: Orientados a quienes tengan su propia banda o quieran iniciarse en dicha pr\u00e1ctica se abordar\u00e1 la pr\u00e1ctica de tocar m\u00fasica en forma grupal.<\/p>\n\n\n\n<p>Montaje de obra de teatro: Orientado a j\u00f3venes con o sin experiencia que quieran participar del armado de una obra de teatro para presentar a la comunidad.<\/p>\n\n\n\n<p>Los talleres comenzar\u00e1n en el mes de agosto y tendr\u00e1n una duraci\u00f3n de 4 meses. Para mayor informaci\u00f3n o inscripciones deber\u00e1n comunicarse al (03329) 15540510.<\/p>\n\n\n\n<figure class=\"wp-block-image size-full\"><img decoding=\"async\" width=\"306\" height=\"397\" data-attachment-id=\"109097\" data-permalink=\"https:\/\/eldiariodesanpedro.com.ar\/sitio\/talleres-2022-del-centro-juvenil-de-santa-lucia\/whatsapp-image-2022-07-26-at-4-35-29-pm\/\" data-orig-file=\"https:\/\/eldiariodesanpedro.com.ar\/sitio\/wp-content\/uploads\/2022\/07\/WhatsApp-Image-2022-07-26-at-4.35.29-PM.jpeg\" data-orig-size=\"306,397\" data-comments-opened=\"0\" data-image-meta=\"{&quot;aperture&quot;:&quot;0&quot;,&quot;credit&quot;:&quot;&quot;,&quot;camera&quot;:&quot;&quot;,&quot;caption&quot;:&quot;&quot;,&quot;created_timestamp&quot;:&quot;0&quot;,&quot;copyright&quot;:&quot;&quot;,&quot;focal_length&quot;:&quot;0&quot;,&quot;iso&quot;:&quot;0&quot;,&quot;shutter_speed&quot;:&quot;0&quot;,&quot;title&quot;:&quot;&quot;,&quot;orientation&quot;:&quot;0&quot;}\" data-image-title=\"WhatsApp Image 2022-07-26 at 4.35.29 PM\" data-image-description=\"\" data-image-caption=\"\" data-large-file=\"https:\/\/eldiariodesanpedro.com.ar\/sitio\/wp-content\/uploads\/2022\/07\/WhatsApp-Image-2022-07-26-at-4.35.29-PM.jpeg\" data-src=\"https:\/\/eldiariodesanpedro.com.ar\/sitio\/wp-content\/uploads\/2022\/07\/WhatsApp-Image-2022-07-26-at-4.35.29-PM.jpeg\" alt=\"\" class=\"wp-image-109097 lazyload\" data-srcset=\"https:\/\/eldiariodesanpedro.com.ar\/sitio\/wp-content\/uploads\/2022\/07\/WhatsApp-Image-2022-07-26-at-4.35.29-PM.jpeg 306w, https:\/\/eldiariodesanpedro.com.ar\/sitio\/wp-content\/uploads\/2022\/07\/WhatsApp-Image-2022-07-26-at-4.35.29-PM-231x300.jpeg 231w\" data-sizes=\"(max-width: 306px) 100vw, 306px\" src=\"data:image\/svg+xml;base64,PHN2ZyB3aWR0aD0iMSIgaGVpZ2h0PSIxIiB4bWxucz0iaHR0cDovL3d3dy53My5vcmcvMjAwMC9zdmciPjwvc3ZnPg==\" style=\"--smush-placeholder-width: 306px; --smush-placeholder-aspect-ratio: 306\/397;\" \/><\/figure>\n","protected":false},"excerpt":{"rendered":"<p>La Municipalidad de San Pedro, a trav\u00e9s de la Secretar\u00eda de Desarrollo Humano informa que se encuentra abierta la inscripci\u00f3n a los talleres que se desarrollar\u00e1n en el Centro Juvenil de Santa Luc\u00eda, destinado de manera libre y gratuita a los j\u00f3venes de la localidad. Taller de ensamble musical: Orientados a quienes tengan su propia [&hellip;]<\/p>\n","protected":false},"author":4,"featured_media":109096,"comment_status":"closed","ping_status":"closed","sticky":false,"template":"","format":"standard","meta":{"om_disable_all_campaigns":false,"_jetpack_memberships_contains_paid_content":false,"footnotes":""},"categories":[50,101,2],"tags":[197,696,33,19],"class_list":["post-109095","post","type-post","status-publish","format-standard","has-post-thumbnail","hentry","category-destacadas","category-interes-general-locales","category-locales","tag-buenos-aires","tag-interes-general","tag-locales","tag-san-pedro"],"aioseo_notices":[],"gutentor_comment":0,"jetpack_featured_media_url":"https:\/\/eldiariodesanpedro.com.ar\/sitio\/wp-content\/uploads\/2022\/07\/medida-11.png","jetpack_shortlink":"https:\/\/wp.me\/p6RhLt-snB","jetpack_sharing_enabled":true,"_links":{"self":[{"href":"https:\/\/eldiariodesanpedro.com.ar\/sitio\/wp-json\/wp\/v2\/posts\/109095","targetHints":{"allow":["GET"]}}],"collection":[{"href":"https:\/\/eldiariodesanpedro.com.ar\/sitio\/wp-json\/wp\/v2\/posts"}],"about":[{"href":"https:\/\/eldiariodesanpedro.com.ar\/sitio\/wp-json\/wp\/v2\/types\/post"}],"author":[{"embeddable":true,"href":"https:\/\/eldiariodesanpedro.com.ar\/sitio\/wp-json\/wp\/v2\/users\/4"}],"replies":[{"embeddable":true,"href":"https:\/\/eldiariodesanpedro.com.ar\/sitio\/wp-json\/wp\/v2\/comments?post=109095"}],"version-history":[{"count":1,"href":"https:\/\/eldiariodesanpedro.com.ar\/sitio\/wp-json\/wp\/v2\/posts\/109095\/revisions"}],"predecessor-version":[{"id":109098,"href":"https:\/\/eldiariodesanpedro.com.ar\/sitio\/wp-json\/wp\/v2\/posts\/109095\/revisions\/109098"}],"wp:featuredmedia":[{"embeddable":true,"href":"https:\/\/eldiariodesanpedro.com.ar\/sitio\/wp-json\/wp\/v2\/media\/109096"}],"wp:attachment":[{"href":"https:\/\/eldiariodesanpedro.com.ar\/sitio\/wp-json\/wp\/v2\/media?parent=109095"}],"wp:term":[{"taxonomy":"category","embeddable":true,"href":"https:\/\/eldiariodesanpedro.com.ar\/sitio\/wp-json\/wp\/v2\/categories?post=109095"},{"taxonomy":"post_tag","embeddable":true,"href":"https:\/\/eldiariodesanpedro.com.ar\/sitio\/wp-json\/wp\/v2\/tags?post=109095"}],"curies":[{"name":"wp","href":"https:\/\/api.w.org\/{rel}","templated":true}]}}