{"id":109091,"date":"2022-07-28T13:03:37","date_gmt":"2022-07-28T16:03:37","guid":{"rendered":"https:\/\/eldiariodesanpedro.com.ar\/sitio\/?p=109091"},"modified":"2022-07-28T13:03:38","modified_gmt":"2022-07-28T16:03:38","slug":"programa-1000-dias-capacitacion-para-jovenes-del-programa-envion","status":"publish","type":"post","link":"https:\/\/eldiariodesanpedro.com.ar\/sitio\/programa-1000-dias-capacitacion-para-jovenes-del-programa-envion\/","title":{"rendered":"Programa 1000 d\u00edas &#8211; Capacitaci\u00f3n para j\u00f3venes del Programa Envi\u00f3n"},"content":{"rendered":"<!-- VideographyWP Plugin Message: Automatic video embedding prevented by plugin options. -->\n\n<p>La Direcci\u00f3n de Centros de Salud de la Municipalidad de San Pedro, el Hospital 26 de Julio de Gobernador Castro y el Programa Envi\u00f3n, vienen trabajando de manera articulada y desarrollando el Plan 1000 D\u00edas.<\/p>\n\n\n\n<p>Este programa es una pol\u00edtica estrat\u00e9gica del Estado Nacional, enmarcado en la Ley 26.711, que tiene como objetivo la atenci\u00f3n y cuidado integral de la salud durante el embarazo y la primera infancia. Se enfoca de manera excepcional en tres ejes fundamentales: equidad, acceso y cuidados.<\/p>\n\n\n\n<p>Para ello, se propone ampliar derechos, asegurando el acceso a un sistema integral de cuidado, a trav\u00e9s de pol\u00edticas de ingreso, identidad, salud, desarrollo social, educaci\u00f3n, protecci\u00f3n, g\u00e9nero y cultura.<\/p>\n\n\n\n<p>De todo esto, surge el proyecto de capacitar a j\u00f3venes del Programa Envi\u00f3n de San Pedro, como Promotores J\u00f3venes Comunitarios, entendiendo que los mismos ser\u00e1n los que brinden a los vecinos informaci\u00f3n vinculada al cuidado de la salud para multiplicarla en \u00e1mbitos familiares y barriales. Generando as\u00ed, una red que favorece el auto cuidado de las personas y comunidades.<\/p>\n\n\n\n<p>De esta manera, los promotores j\u00f3venes comunitarios ser\u00e1n los que establezcan contacto con cada madre embarazada y ni\u00f1o hasta 3 a\u00f1os de edad, propiciando un acercamiento desde lo territorial.<\/p>\n\n\n\n<p>La primera experiencia tuvo lugar en Gobernador Castro con la capacitaci\u00f3n a j\u00f3venes entre 17 y 24 a\u00f1os de edad, de la localidad de Gobernador Castro y pr\u00f3ximamente se extender\u00e1 al resto de las localidades y a los barrios de la ciudad.<\/p>\n\n\n\n<figure class=\"wp-block-image size-large\"><img decoding=\"async\" width=\"1024\" height=\"610\" data-attachment-id=\"109093\" data-permalink=\"https:\/\/eldiariodesanpedro.com.ar\/sitio\/programa-1000-dias-capacitacion-para-jovenes-del-programa-envion\/whatsapp-image-2022-07-26-at-1-32-27-pm\/\" data-orig-file=\"https:\/\/eldiariodesanpedro.com.ar\/sitio\/wp-content\/uploads\/2022\/07\/WhatsApp-Image-2022-07-26-at-1.32.27-PM.jpeg\" data-orig-size=\"1058,630\" data-comments-opened=\"0\" data-image-meta=\"{&quot;aperture&quot;:&quot;0&quot;,&quot;credit&quot;:&quot;&quot;,&quot;camera&quot;:&quot;&quot;,&quot;caption&quot;:&quot;&quot;,&quot;created_timestamp&quot;:&quot;0&quot;,&quot;copyright&quot;:&quot;&quot;,&quot;focal_length&quot;:&quot;0&quot;,&quot;iso&quot;:&quot;0&quot;,&quot;shutter_speed&quot;:&quot;0&quot;,&quot;title&quot;:&quot;&quot;,&quot;orientation&quot;:&quot;0&quot;}\" data-image-title=\"WhatsApp Image 2022-07-26 at 1.32.27 PM\" data-image-description=\"\" data-image-caption=\"\" data-large-file=\"https:\/\/eldiariodesanpedro.com.ar\/sitio\/wp-content\/uploads\/2022\/07\/WhatsApp-Image-2022-07-26-at-1.32.27-PM-1024x610.jpeg\" data-src=\"https:\/\/eldiariodesanpedro.com.ar\/sitio\/wp-content\/uploads\/2022\/07\/WhatsApp-Image-2022-07-26-at-1.32.27-PM-1024x610.jpeg\" alt=\"\" class=\"wp-image-109093 lazyload\" data-srcset=\"https:\/\/eldiariodesanpedro.com.ar\/sitio\/wp-content\/uploads\/2022\/07\/WhatsApp-Image-2022-07-26-at-1.32.27-PM-1024x610.jpeg 1024w, https:\/\/eldiariodesanpedro.com.ar\/sitio\/wp-content\/uploads\/2022\/07\/WhatsApp-Image-2022-07-26-at-1.32.27-PM-300x179.jpeg 300w, https:\/\/eldiariodesanpedro.com.ar\/sitio\/wp-content\/uploads\/2022\/07\/WhatsApp-Image-2022-07-26-at-1.32.27-PM-768x457.jpeg 768w, https:\/\/eldiariodesanpedro.com.ar\/sitio\/wp-content\/uploads\/2022\/07\/WhatsApp-Image-2022-07-26-at-1.32.27-PM.jpeg 1058w\" data-sizes=\"(max-width: 1024px) 100vw, 1024px\" src=\"data:image\/svg+xml;base64,PHN2ZyB3aWR0aD0iMSIgaGVpZ2h0PSIxIiB4bWxucz0iaHR0cDovL3d3dy53My5vcmcvMjAwMC9zdmciPjwvc3ZnPg==\" style=\"--smush-placeholder-width: 1024px; --smush-placeholder-aspect-ratio: 1024\/610;\" \/><\/figure>\n","protected":false},"excerpt":{"rendered":"<p>La Direcci\u00f3n de Centros de Salud de la Municipalidad de San Pedro, el Hospital 26 de Julio de Gobernador Castro y el Programa Envi\u00f3n, vienen trabajando de manera articulada y desarrollando el Plan 1000 D\u00edas. Este programa es una pol\u00edtica estrat\u00e9gica del Estado Nacional, enmarcado en la Ley 26.711, que tiene como objetivo la atenci\u00f3n [&hellip;]<\/p>\n","protected":false},"author":4,"featured_media":109092,"comment_status":"closed","ping_status":"closed","sticky":false,"template":"","format":"standard","meta":{"om_disable_all_campaigns":false,"_jetpack_memberships_contains_paid_content":false,"footnotes":""},"categories":[101,2],"tags":[],"class_list":["post-109091","post","type-post","status-publish","format-standard","has-post-thumbnail","hentry","category-interes-general-locales","category-locales"],"aioseo_notices":[],"gutentor_comment":0,"jetpack_featured_media_url":"https:\/\/eldiariodesanpedro.com.ar\/sitio\/wp-content\/uploads\/2022\/07\/WhatsApp-Image-2022-07-26-at-1.32.26-PM.jpeg","jetpack_shortlink":"https:\/\/wp.me\/p6RhLt-snx","jetpack_sharing_enabled":true,"_links":{"self":[{"href":"https:\/\/eldiariodesanpedro.com.ar\/sitio\/wp-json\/wp\/v2\/posts\/109091","targetHints":{"allow":["GET"]}}],"collection":[{"href":"https:\/\/eldiariodesanpedro.com.ar\/sitio\/wp-json\/wp\/v2\/posts"}],"about":[{"href":"https:\/\/eldiariodesanpedro.com.ar\/sitio\/wp-json\/wp\/v2\/types\/post"}],"author":[{"embeddable":true,"href":"https:\/\/eldiariodesanpedro.com.ar\/sitio\/wp-json\/wp\/v2\/users\/4"}],"replies":[{"embeddable":true,"href":"https:\/\/eldiariodesanpedro.com.ar\/sitio\/wp-json\/wp\/v2\/comments?post=109091"}],"version-history":[{"count":1,"href":"https:\/\/eldiariodesanpedro.com.ar\/sitio\/wp-json\/wp\/v2\/posts\/109091\/revisions"}],"predecessor-version":[{"id":109094,"href":"https:\/\/eldiariodesanpedro.com.ar\/sitio\/wp-json\/wp\/v2\/posts\/109091\/revisions\/109094"}],"wp:featuredmedia":[{"embeddable":true,"href":"https:\/\/eldiariodesanpedro.com.ar\/sitio\/wp-json\/wp\/v2\/media\/109092"}],"wp:attachment":[{"href":"https:\/\/eldiariodesanpedro.com.ar\/sitio\/wp-json\/wp\/v2\/media?parent=109091"}],"wp:term":[{"taxonomy":"category","embeddable":true,"href":"https:\/\/eldiariodesanpedro.com.ar\/sitio\/wp-json\/wp\/v2\/categories?post=109091"},{"taxonomy":"post_tag","embeddable":true,"href":"https:\/\/eldiariodesanpedro.com.ar\/sitio\/wp-json\/wp\/v2\/tags?post=109091"}],"curies":[{"name":"wp","href":"https:\/\/api.w.org\/{rel}","templated":true}]}}