{"id":109081,"date":"2022-07-28T11:02:42","date_gmt":"2022-07-28T14:02:42","guid":{"rendered":"https:\/\/eldiariodesanpedro.com.ar\/sitio\/?p=109081"},"modified":"2022-07-28T11:02:43","modified_gmt":"2022-07-28T14:02:43","slug":"reunion-de-la-mesa-fruticola-provincial-con-participacion-local","status":"publish","type":"post","link":"https:\/\/eldiariodesanpedro.com.ar\/sitio\/reunion-de-la-mesa-fruticola-provincial-con-participacion-local\/","title":{"rendered":"Reuni\u00f3n de la Mesa Frut\u00edcola Provincial con participaci\u00f3n local"},"content":{"rendered":"<!-- VideographyWP Plugin Message: Automatic video embedding prevented by plugin options. -->\n\n<p>Este lunes se llev\u00f3 a cabo un encuentro de la Mesa Frut\u00edcola Provincial encabezado por el Ministro de Desarrollo Agrario de la provincia de Buenos Aires, Javier Rodr\u00edguez en el que fue anunciado el Programa de Fomento a la Fruticultura en la provincia, destinado a impulsar la producci\u00f3n y ampliar los montes frut\u00edcolas.<\/p>\n\n\n\n<p>La iniciativa complementar\u00e1 las l\u00edneas de financiamiento con las que el Ministerio ya cuenta para la actividad y comprende la entrega de plantas frutales a cooperativas, instituciones de bien p\u00fablico, municipios, escuelas agrarias y productores y productoras que quieran sumar frutales al manejo de sus fincas a trav\u00e9s de una convocatoria a la presentaci\u00f3n de proyectos que apunten principalmente al manejo productivo agroecol\u00f3gico y al agregado de valor local.<\/p>\n\n\n\n<p>Durante el encuentro, del que particip\u00f3 el secretario de Desarrollo Econ\u00f3mico, Mart\u00edn Baraybar, el Ministerio de Desarrollo Agrario inform\u00f3 que se realiz\u00f3 un Mapeo Frut\u00edcola Bonaerense para recabar informaci\u00f3n respecto a la cantidad y ubicaci\u00f3n de las producciones frut\u00edcolas bonaerenses, lo que permite elaborar pol\u00edticas p\u00fablicas y acciones espec\u00edficas para cada regi\u00f3n teniendo en cuenta las particularidades y caracter\u00edsticas de cada una de ellas.<\/p>\n\n\n\n<figure class=\"wp-block-image size-full\"><img decoding=\"async\" width=\"945\" height=\"630\" data-attachment-id=\"109083\" data-permalink=\"https:\/\/eldiariodesanpedro.com.ar\/sitio\/reunion-de-la-mesa-fruticola-provincial-con-participacion-local\/whatsapp-image-2022-07-26-at-1-10-40-pm-1\/\" data-orig-file=\"https:\/\/eldiariodesanpedro.com.ar\/sitio\/wp-content\/uploads\/2022\/07\/WhatsApp-Image-2022-07-26-at-1.10.40-PM-1.jpeg\" data-orig-size=\"945,630\" data-comments-opened=\"0\" data-image-meta=\"{&quot;aperture&quot;:&quot;0&quot;,&quot;credit&quot;:&quot;&quot;,&quot;camera&quot;:&quot;&quot;,&quot;caption&quot;:&quot;&quot;,&quot;created_timestamp&quot;:&quot;0&quot;,&quot;copyright&quot;:&quot;&quot;,&quot;focal_length&quot;:&quot;0&quot;,&quot;iso&quot;:&quot;0&quot;,&quot;shutter_speed&quot;:&quot;0&quot;,&quot;title&quot;:&quot;&quot;,&quot;orientation&quot;:&quot;0&quot;}\" data-image-title=\"WhatsApp Image 2022-07-26 at 1.10.40 PM (1)\" data-image-description=\"\" data-image-caption=\"\" data-large-file=\"https:\/\/eldiariodesanpedro.com.ar\/sitio\/wp-content\/uploads\/2022\/07\/WhatsApp-Image-2022-07-26-at-1.10.40-PM-1.jpeg\" data-src=\"https:\/\/eldiariodesanpedro.com.ar\/sitio\/wp-content\/uploads\/2022\/07\/WhatsApp-Image-2022-07-26-at-1.10.40-PM-1.jpeg\" alt=\"\" class=\"wp-image-109083 lazyload\" data-srcset=\"https:\/\/eldiariodesanpedro.com.ar\/sitio\/wp-content\/uploads\/2022\/07\/WhatsApp-Image-2022-07-26-at-1.10.40-PM-1.jpeg 945w, https:\/\/eldiariodesanpedro.com.ar\/sitio\/wp-content\/uploads\/2022\/07\/WhatsApp-Image-2022-07-26-at-1.10.40-PM-1-300x200.jpeg 300w, https:\/\/eldiariodesanpedro.com.ar\/sitio\/wp-content\/uploads\/2022\/07\/WhatsApp-Image-2022-07-26-at-1.10.40-PM-1-768x512.jpeg 768w\" data-sizes=\"(max-width: 945px) 100vw, 945px\" src=\"data:image\/svg+xml;base64,PHN2ZyB3aWR0aD0iMSIgaGVpZ2h0PSIxIiB4bWxucz0iaHR0cDovL3d3dy53My5vcmcvMjAwMC9zdmciPjwvc3ZnPg==\" style=\"--smush-placeholder-width: 945px; --smush-placeholder-aspect-ratio: 945\/630;\" \/><\/figure>\n","protected":false},"excerpt":{"rendered":"<p>Este lunes se llev\u00f3 a cabo un encuentro de la Mesa Frut\u00edcola Provincial encabezado por el Ministro de Desarrollo Agrario de la provincia de Buenos Aires, Javier Rodr\u00edguez en el que fue anunciado el Programa de Fomento a la Fruticultura en la provincia, destinado a impulsar la producci\u00f3n y ampliar los montes frut\u00edcolas. La iniciativa [&hellip;]<\/p>\n","protected":false},"author":4,"featured_media":109082,"comment_status":"closed","ping_status":"closed","sticky":false,"template":"","format":"standard","meta":{"om_disable_all_campaigns":false,"_jetpack_memberships_contains_paid_content":false,"footnotes":""},"categories":[50,101,2],"tags":[197,696,33,19],"class_list":["post-109081","post","type-post","status-publish","format-standard","has-post-thumbnail","hentry","category-destacadas","category-interes-general-locales","category-locales","tag-buenos-aires","tag-interes-general","tag-locales","tag-san-pedro"],"aioseo_notices":[],"gutentor_comment":0,"jetpack_featured_media_url":"https:\/\/eldiariodesanpedro.com.ar\/sitio\/wp-content\/uploads\/2022\/07\/WhatsApp-Image-2022-07-26-at-1.10.40-PM.jpeg","jetpack_shortlink":"https:\/\/wp.me\/p6RhLt-snn","jetpack_sharing_enabled":true,"_links":{"self":[{"href":"https:\/\/eldiariodesanpedro.com.ar\/sitio\/wp-json\/wp\/v2\/posts\/109081","targetHints":{"allow":["GET"]}}],"collection":[{"href":"https:\/\/eldiariodesanpedro.com.ar\/sitio\/wp-json\/wp\/v2\/posts"}],"about":[{"href":"https:\/\/eldiariodesanpedro.com.ar\/sitio\/wp-json\/wp\/v2\/types\/post"}],"author":[{"embeddable":true,"href":"https:\/\/eldiariodesanpedro.com.ar\/sitio\/wp-json\/wp\/v2\/users\/4"}],"replies":[{"embeddable":true,"href":"https:\/\/eldiariodesanpedro.com.ar\/sitio\/wp-json\/wp\/v2\/comments?post=109081"}],"version-history":[{"count":1,"href":"https:\/\/eldiariodesanpedro.com.ar\/sitio\/wp-json\/wp\/v2\/posts\/109081\/revisions"}],"predecessor-version":[{"id":109084,"href":"https:\/\/eldiariodesanpedro.com.ar\/sitio\/wp-json\/wp\/v2\/posts\/109081\/revisions\/109084"}],"wp:featuredmedia":[{"embeddable":true,"href":"https:\/\/eldiariodesanpedro.com.ar\/sitio\/wp-json\/wp\/v2\/media\/109082"}],"wp:attachment":[{"href":"https:\/\/eldiariodesanpedro.com.ar\/sitio\/wp-json\/wp\/v2\/media?parent=109081"}],"wp:term":[{"taxonomy":"category","embeddable":true,"href":"https:\/\/eldiariodesanpedro.com.ar\/sitio\/wp-json\/wp\/v2\/categories?post=109081"},{"taxonomy":"post_tag","embeddable":true,"href":"https:\/\/eldiariodesanpedro.com.ar\/sitio\/wp-json\/wp\/v2\/tags?post=109081"}],"curies":[{"name":"wp","href":"https:\/\/api.w.org\/{rel}","templated":true}]}}