{"id":109076,"date":"2022-07-28T10:48:10","date_gmt":"2022-07-28T13:48:10","guid":{"rendered":"https:\/\/eldiariodesanpedro.com.ar\/sitio\/?p=109076"},"modified":"2022-07-28T10:48:11","modified_gmt":"2022-07-28T13:48:11","slug":"ciclo-de-charlas-para-personal-de-salud-y-afines-para-la-elaboracion-del-mepra-manual-de-enfermedades-prevalentes-de-atencion-primaria-de-la-salud-en-san-pedro","status":"publish","type":"post","link":"https:\/\/eldiariodesanpedro.com.ar\/sitio\/ciclo-de-charlas-para-personal-de-salud-y-afines-para-la-elaboracion-del-mepra-manual-de-enfermedades-prevalentes-de-atencion-primaria-de-la-salud-en-san-pedro\/","title":{"rendered":"Ciclo de charlas para personal de salud y afines para la elaboraci\u00f3n del MEPRA, Manual de Enfermedades Prevalentes de Atenci\u00f3n Primaria de la Salud en San Pedro"},"content":{"rendered":"<!-- VideographyWP Plugin Message: Automatic video embedding prevented by plugin options. -->\n\n<p>Desde el pr\u00f3ximo 29 de julio en el Howard Johnson ubicado en Mitre 425 comenzar\u00e1n a concretarse encuentros de capacitaci\u00f3n para el personal de salud y vinculados a la atenci\u00f3n sanitaria en ese nivel, organizados desde la Secretar\u00eda de Salud de la Municipalidad de San Pedro.<\/p>\n\n\n\n<p>La presentaci\u00f3n de este ambicioso proyecto se llev\u00f3 a cabo este martes a trav\u00e9s de una conferencia de prensa encabezada por el Secretario de Salud, Dr. Pablo Pichioni y el Sub Secretario Dr. Gabriel Sayago, en la cual se inform\u00f3 el cronograma de actividades que se desarrollar\u00e1n durante este ciclo de charlas que reunir\u00e1 a destacados profesionales locales y a panelistas de alto nivel nacional ha sido planificado para ofrecer a m\u00e9dicos que ejerzan su pr\u00e1ctica en APS, m\u00e9dicos cl\u00ednicos, m\u00e9dicos generalistas, pediatras, ginec\u00f3logos, obstetras, obst\u00e9tricas, enfermeros, nutricionistas, psic\u00f3logos y trabajadores sociales, quienes de manera cotidiana reciben a la comunidad sampedrina.<\/p>\n\n\n\n<p>Ser\u00e1n veintid\u00f3s m\u00f3dulos en once encuentros peri\u00f3dicos que incluir\u00e1n un temario espec\u00edfico y profesionales que presentar\u00e1n charlas sobre los mismos.<\/p>\n\n\n\n<p>El primer encuentro ser\u00e1 el 29 de julio a las 18.00 hs. y estar\u00e1 dirigido al control peri\u00f3dico de Salud a cargo de la Dra. Micaela Schiaffino, especialista en Cl\u00ednica M\u00e9dica y Medicina Interna y Salud P\u00fablica a cargo del Dr. Jorge Bitar, Director del Hospital Clemente \u00c1lvarez de Rosario.<\/p>\n\n\n\n<p>La planificaci\u00f3n de la Secretaria incluye 20 temas en 11 encuentros con ejes como cl\u00ednica m\u00e9dica, pediatr\u00eda, ginecolog\u00eda, obstetricia, etc.<\/p>\n\n\n\n<p>Adem\u00e1s de la difusi\u00f3n p\u00fablica de las jornadas comienza una invitaci\u00f3n dentro del circuito interno del sector para que desde los Centros de Salud, Hospitales y todos los espacios relacionados con el tema se haga llegar a enfermeras, m\u00e9dicos, auxiliares, administrativos, promotores de salud y dem\u00e1s, la convocatoria a participar de este espacio que brindar\u00e1 importantes beneficios para toda la comunidad.<\/p>\n\n\n\n<p>Los encuentros ser\u00e1n en su totalidad de forma presencial y se podr\u00e1n inscribir a trav\u00e9s del siguiente link: https:\/\/bit.ly\/3S1K3IV en el que deber\u00e1n completar un formulario. Para consultas se podr\u00e1n contactar al WhatsApp (3329) 315000 o por mail a equiposaludapssanpedro@gmail.com<\/p>\n\n\n\n<p>La actividad, que cuenta con el apoyo de la Sociedad Argentina de Medicina y el Colegio de M\u00e9dicos de la provincia de Buenos Aires, no es arancelada y brindar\u00e1 Certificaci\u00f3n y Recertificaci\u00f3n para especialidades m\u00e9dicas.<\/p>\n\n\n\n<p>Cronograma de encuentros:<\/p>\n\n\n\n<p>29 de julio &#8211; 18.00 hs.:<br>M\u00f3dulo I: Actualidad en salud p\u00fablica &#8211; Dr. Jorge Bitar. Director del Hospital Clemente Alvarez, Rosario.<br>M\u00f3dulo II: Control peri\u00f3dico de salud &#8211; Dra. Micaela Schiaffino. M\u00e9dica Especialista en Cl\u00ednica M\u00e9dica y Medicina Interna<\/p>\n\n\n\n<p>12 de agosto &#8211; 18.00 hs.:<br>M\u00f3dulo I: Hipertensi\u00f3n arterial, tratamiento de la emergencia y urgencia hipertensiva &#8211; Dr. Luis Keller Jefe de Unidad Coronaria del Hospital Clemente \u00c1lvarez, Rosario.<br>M\u00f3dulo II: Prevenci\u00f3n cardiovascular en APS &#8211; Dr. Luis Keller Jefe de Unidad Coronaria del Hospital Clemente \u00c1lvarez, Rosario.<\/p>\n\n\n\n<p>26 de agosto &#8211; 18.00 hs.:<br>M\u00f3dulo I: Diabetes tipo II. Nuevos tratamientos. Indicaciones de inicio de pauta con insulina &#8211; Dr. Tomas Cacavo. M\u00e9dico Especialista en Diabetes. Hospital Italiano de Buenos Aires.<br>M\u00f3dulo II: N\u00f3dulo tiroideo &#8211; Hipotiroidismo. M\u00e9dica Especialista en Endocrinolog\u00eda. Sanatorio G\u00fcemes.<\/p>\n\n\n\n<p>9 de septiembre \u2013 18.00 hs.:<br>M\u00f3dulo I: Infecci\u00f3n de piel y partes blandas &#8211; ITU recurrente. &#8211; Dra. Vanina Stanek. M\u00e9dica Especialista en Infectolog\u00eda. Hospital Italiano de Buenos Aires.<br>M\u00f3dulo II: EPOC &#8211; Asma. Tratamiento cr\u00f3nico. Algoritmo en la crisis y\/o agudizaci\u00f3n. Dr. Mat\u00edas Castro. M\u00e9dico Especialista en Neumonolog\u00eda. Hospital Italiano de Buenos Aires.<\/p>\n\n\n\n<p>23 de septiembre \u2013 18.00 hs.:<br>M\u00f3dulo I: Cefalea &#8211; Banderas rojas &#8211; Tratamiento preventivo &#8211; Dra. Julia Bagdonavicius. Especialista en Medicina Interna. Coordinadora de CUMA y curso de Demanda Espont\u00e1nea. Hospital Italiano de Buenos Aires.<br>M\u00f3dulo II: Dolor Cr\u00f3nico &#8211; Abordaje diagn\u00f3stico y terap\u00e9utico. &#8211; M\u00e9dico SAM<\/p>\n\n\n\n<p>14 de octubre \u2013 18.00 hs.:<br>M\u00f3dulo I: Patolog\u00eda prevalente en pediatr\u00eda. Dra. Francisca Urrutia. Especialista en Pediatr\u00eda, Caps Secretar\u00eda de Salud, Municipalidad de San Pedro. Dra. Doldan Liliana, Caps. Secretaria de Salud, Municipalidad de San Pedro.<br>M\u00f3dulo II: Pubertad precoz. Dra. Minaberry, Lorena. Especialista en Endocrinolog\u00eda Infantil. UBA. Endocrinolog\u00eda Hospital Houssay, Vicente L\u00f3pez.<\/p>\n\n\n\n<p>21 de octubre \u2013 18.00 hs.:<br>M\u00f3dulo I Y II: Interculturalidad en medicina &#8211; Centro de Salud de Medicina Intercultural. \u201cDalagaic Piogonac\u201d, San Pedro. Equipo de Interculturalidad. UNR.<br>M\u00f3dulo III: Consumo Problem\u00e1tico. Lic. Gabriela Leder Kremer. Directora de la Comunidad Terap\u00e9utica Los Naranjos.<\/p>\n\n\n\n<p>28 de octubre \u2013 18.00 hs.:<br>M\u00f3dulo I: Introducci\u00f3n a la Ley MICAELA y Objetivos. Secretaria de Pol\u00edticas de Genero, mujeres y diversidad de San Pedro. Ministerio de las Mujeres, Pol\u00edticas de G\u00e9nero y Diversidad Sexual.<br>M\u00f3dulo II: Intervenciones posibles ante la detecci\u00f3n de Violencias de G\u00e9nero. Lic. Gabriela Leder Kremer. Directora de la Comunidad Terap\u00e9utica Los Naranjos.<\/p>\n\n\n\n<p>18 de noviembre \u2013 18.00 hs.:<br>M\u00f3dulo I: La importancia del control ginecol\u00f3gico en APS. Dra. Ivana Strasser, Jefa del Servicio de Ginecolog\u00eda HECA.<br>M\u00f3dulo II: Control del embarazo en APS &#8211; DRA. Karina Mart\u00ednez. M\u00e9dica Especialista de Obstetricia. Maternidad Martin. Rosario.<\/p>\n\n\n\n<p>2 de diciembre \u2013 18.00 hs.:<br>M\u00f3dulo I: Trastorno del espectro autista. Dra. Lorena, Coordinadora Neuropediatra y Especialista en Desarrollo Infantil. Miembro de SAP.<br>M\u00f3dulo II: Ley de los mil d\u00edas. Dra. Mar\u00eda Victoria Binda. Medica Neonat\u00f3loga, especialista en Desarrollo Infantil.<\/p>\n\n\n\n<figure class=\"wp-block-image size-large\"><img decoding=\"async\" width=\"1024\" height=\"575\" data-attachment-id=\"109078\" data-permalink=\"https:\/\/eldiariodesanpedro.com.ar\/sitio\/ciclo-de-charlas-para-personal-de-salud-y-afines-para-la-elaboracion-del-mepra-manual-de-enfermedades-prevalentes-de-atencion-primaria-de-la-salud-en-san-pedro\/whatsapp-image-2022-07-26-at-12-59-20-pm\/\" data-orig-file=\"https:\/\/eldiariodesanpedro.com.ar\/sitio\/wp-content\/uploads\/2022\/07\/WhatsApp-Image-2022-07-26-at-12.59.20-PM.jpeg\" data-orig-size=\"1122,630\" data-comments-opened=\"0\" data-image-meta=\"{&quot;aperture&quot;:&quot;0&quot;,&quot;credit&quot;:&quot;&quot;,&quot;camera&quot;:&quot;&quot;,&quot;caption&quot;:&quot;&quot;,&quot;created_timestamp&quot;:&quot;0&quot;,&quot;copyright&quot;:&quot;&quot;,&quot;focal_length&quot;:&quot;0&quot;,&quot;iso&quot;:&quot;0&quot;,&quot;shutter_speed&quot;:&quot;0&quot;,&quot;title&quot;:&quot;&quot;,&quot;orientation&quot;:&quot;0&quot;}\" data-image-title=\"WhatsApp Image 2022-07-26 at 12.59.20 PM\" data-image-description=\"\" data-image-caption=\"\" data-large-file=\"https:\/\/eldiariodesanpedro.com.ar\/sitio\/wp-content\/uploads\/2022\/07\/WhatsApp-Image-2022-07-26-at-12.59.20-PM-1024x575.jpeg\" data-src=\"https:\/\/eldiariodesanpedro.com.ar\/sitio\/wp-content\/uploads\/2022\/07\/WhatsApp-Image-2022-07-26-at-12.59.20-PM-1024x575.jpeg\" alt=\"\" class=\"wp-image-109078 lazyload\" data-srcset=\"https:\/\/eldiariodesanpedro.com.ar\/sitio\/wp-content\/uploads\/2022\/07\/WhatsApp-Image-2022-07-26-at-12.59.20-PM-1024x575.jpeg 1024w, https:\/\/eldiariodesanpedro.com.ar\/sitio\/wp-content\/uploads\/2022\/07\/WhatsApp-Image-2022-07-26-at-12.59.20-PM-300x168.jpeg 300w, https:\/\/eldiariodesanpedro.com.ar\/sitio\/wp-content\/uploads\/2022\/07\/WhatsApp-Image-2022-07-26-at-12.59.20-PM-768x431.jpeg 768w, https:\/\/eldiariodesanpedro.com.ar\/sitio\/wp-content\/uploads\/2022\/07\/WhatsApp-Image-2022-07-26-at-12.59.20-PM.jpeg 1122w\" data-sizes=\"(max-width: 1024px) 100vw, 1024px\" src=\"data:image\/svg+xml;base64,PHN2ZyB3aWR0aD0iMSIgaGVpZ2h0PSIxIiB4bWxucz0iaHR0cDovL3d3dy53My5vcmcvMjAwMC9zdmciPjwvc3ZnPg==\" style=\"--smush-placeholder-width: 1024px; --smush-placeholder-aspect-ratio: 1024\/575;\" \/><\/figure>\n\n\n\n<figure class=\"wp-block-image size-large\"><img decoding=\"async\" width=\"1024\" height=\"575\" data-attachment-id=\"109079\" data-permalink=\"https:\/\/eldiariodesanpedro.com.ar\/sitio\/ciclo-de-charlas-para-personal-de-salud-y-afines-para-la-elaboracion-del-mepra-manual-de-enfermedades-prevalentes-de-atencion-primaria-de-la-salud-en-san-pedro\/whatsapp-image-2022-07-26-at-12-59-20-pm-1\/\" data-orig-file=\"https:\/\/eldiariodesanpedro.com.ar\/sitio\/wp-content\/uploads\/2022\/07\/WhatsApp-Image-2022-07-26-at-12.59.20-PM-1.jpeg\" data-orig-size=\"1122,630\" data-comments-opened=\"0\" data-image-meta=\"{&quot;aperture&quot;:&quot;0&quot;,&quot;credit&quot;:&quot;&quot;,&quot;camera&quot;:&quot;&quot;,&quot;caption&quot;:&quot;&quot;,&quot;created_timestamp&quot;:&quot;0&quot;,&quot;copyright&quot;:&quot;&quot;,&quot;focal_length&quot;:&quot;0&quot;,&quot;iso&quot;:&quot;0&quot;,&quot;shutter_speed&quot;:&quot;0&quot;,&quot;title&quot;:&quot;&quot;,&quot;orientation&quot;:&quot;0&quot;}\" data-image-title=\"WhatsApp Image 2022-07-26 at 12.59.20 PM (1)\" data-image-description=\"\" data-image-caption=\"\" data-large-file=\"https:\/\/eldiariodesanpedro.com.ar\/sitio\/wp-content\/uploads\/2022\/07\/WhatsApp-Image-2022-07-26-at-12.59.20-PM-1-1024x575.jpeg\" data-src=\"https:\/\/eldiariodesanpedro.com.ar\/sitio\/wp-content\/uploads\/2022\/07\/WhatsApp-Image-2022-07-26-at-12.59.20-PM-1-1024x575.jpeg\" alt=\"\" class=\"wp-image-109079 lazyload\" data-srcset=\"https:\/\/eldiariodesanpedro.com.ar\/sitio\/wp-content\/uploads\/2022\/07\/WhatsApp-Image-2022-07-26-at-12.59.20-PM-1-1024x575.jpeg 1024w, https:\/\/eldiariodesanpedro.com.ar\/sitio\/wp-content\/uploads\/2022\/07\/WhatsApp-Image-2022-07-26-at-12.59.20-PM-1-300x168.jpeg 300w, https:\/\/eldiariodesanpedro.com.ar\/sitio\/wp-content\/uploads\/2022\/07\/WhatsApp-Image-2022-07-26-at-12.59.20-PM-1-768x431.jpeg 768w, https:\/\/eldiariodesanpedro.com.ar\/sitio\/wp-content\/uploads\/2022\/07\/WhatsApp-Image-2022-07-26-at-12.59.20-PM-1.jpeg 1122w\" data-sizes=\"(max-width: 1024px) 100vw, 1024px\" src=\"data:image\/svg+xml;base64,PHN2ZyB3aWR0aD0iMSIgaGVpZ2h0PSIxIiB4bWxucz0iaHR0cDovL3d3dy53My5vcmcvMjAwMC9zdmciPjwvc3ZnPg==\" style=\"--smush-placeholder-width: 1024px; --smush-placeholder-aspect-ratio: 1024\/575;\" \/><\/figure>\n","protected":false},"excerpt":{"rendered":"<p>Desde el pr\u00f3ximo 29 de julio en el Howard Johnson ubicado en Mitre 425 comenzar\u00e1n a concretarse encuentros de capacitaci\u00f3n para el personal de salud y vinculados a la atenci\u00f3n sanitaria en ese nivel, organizados desde la Secretar\u00eda de Salud de la Municipalidad de San Pedro. La presentaci\u00f3n de este ambicioso proyecto se llev\u00f3 a [&hellip;]<\/p>\n","protected":false},"author":4,"featured_media":109077,"comment_status":"closed","ping_status":"closed","sticky":false,"template":"","format":"standard","meta":{"om_disable_all_campaigns":false,"_jetpack_memberships_contains_paid_content":false,"footnotes":""},"categories":[50,101,2],"tags":[],"class_list":["post-109076","post","type-post","status-publish","format-standard","has-post-thumbnail","hentry","category-destacadas","category-interes-general-locales","category-locales"],"aioseo_notices":[],"gutentor_comment":0,"jetpack_featured_media_url":"https:\/\/eldiariodesanpedro.com.ar\/sitio\/wp-content\/uploads\/2022\/07\/20220726_094232.jpg","jetpack_shortlink":"https:\/\/wp.me\/p6RhLt-sni","jetpack_sharing_enabled":true,"_links":{"self":[{"href":"https:\/\/eldiariodesanpedro.com.ar\/sitio\/wp-json\/wp\/v2\/posts\/109076","targetHints":{"allow":["GET"]}}],"collection":[{"href":"https:\/\/eldiariodesanpedro.com.ar\/sitio\/wp-json\/wp\/v2\/posts"}],"about":[{"href":"https:\/\/eldiariodesanpedro.com.ar\/sitio\/wp-json\/wp\/v2\/types\/post"}],"author":[{"embeddable":true,"href":"https:\/\/eldiariodesanpedro.com.ar\/sitio\/wp-json\/wp\/v2\/users\/4"}],"replies":[{"embeddable":true,"href":"https:\/\/eldiariodesanpedro.com.ar\/sitio\/wp-json\/wp\/v2\/comments?post=109076"}],"version-history":[{"count":1,"href":"https:\/\/eldiariodesanpedro.com.ar\/sitio\/wp-json\/wp\/v2\/posts\/109076\/revisions"}],"predecessor-version":[{"id":109080,"href":"https:\/\/eldiariodesanpedro.com.ar\/sitio\/wp-json\/wp\/v2\/posts\/109076\/revisions\/109080"}],"wp:featuredmedia":[{"embeddable":true,"href":"https:\/\/eldiariodesanpedro.com.ar\/sitio\/wp-json\/wp\/v2\/media\/109077"}],"wp:attachment":[{"href":"https:\/\/eldiariodesanpedro.com.ar\/sitio\/wp-json\/wp\/v2\/media?parent=109076"}],"wp:term":[{"taxonomy":"category","embeddable":true,"href":"https:\/\/eldiariodesanpedro.com.ar\/sitio\/wp-json\/wp\/v2\/categories?post=109076"},{"taxonomy":"post_tag","embeddable":true,"href":"https:\/\/eldiariodesanpedro.com.ar\/sitio\/wp-json\/wp\/v2\/tags?post=109076"}],"curies":[{"name":"wp","href":"https:\/\/api.w.org\/{rel}","templated":true}]}}