{"id":109066,"date":"2022-07-25T19:47:45","date_gmt":"2022-07-25T22:47:45","guid":{"rendered":"https:\/\/eldiariodesanpedro.com.ar\/sitio\/?p=109066"},"modified":"2022-07-25T19:48:43","modified_gmt":"2022-07-25T22:48:43","slug":"hoy-declaro-el-ciudadano-acusado-de-abuso-sexual-a-un-menor-de-edad-e-pasado-sabado","status":"publish","type":"post","link":"https:\/\/eldiariodesanpedro.com.ar\/sitio\/hoy-declaro-el-ciudadano-acusado-de-abuso-sexual-a-un-menor-de-edad-e-pasado-sabado\/","title":{"rendered":"Hoy declar\u00f3 el ciudadano acusado de abuso sexual a un menor de edad el pasado sabado"},"content":{"rendered":"<!-- VideographyWP Plugin Message: Automatic video embedding prevented by plugin options. -->\n\n<p>Seg\u00fan se pudo averiguar el abuso ocurri\u00f3 el sanado en horas de la madruga tras estar presentes en un local bailable de nuestra ciudad y yendo trasladado hasta el hotel donde ocurri\u00f3 el hecho.<\/p>\n\n\n\n<p>En el d\u00eda de ayer personal policial alertado 911 acude a hotel, ubicado en  calle Mitre 1300 ciudad, entrevist\u00e1ndose con un joven de 17 a\u00f1os asistido por progenitora, quien da cuenta que horas antes sin percatarse, otro masculino de 30 a\u00f1os, imputado en caratula, le hace ingerir alg\u00fan tipo de estupefaciente que provoca su relajaci\u00f3n. <\/p>\n\n\n\n<p>Sindica a sujeto hospedado en otra habitaci\u00f3n, que le quita sus prendas para abusar sexualmente. El personal tras recabar testimonios logra individualizar y aprehender a masculino, tras cumplimentar orden de allanamiento de urgencia, solicitado por la UFI N\u00b0 7 y otorgado por Juzgado Garant\u00edas N\u00b002. <\/p>\n\n\n\n<p>Se realizaron pericias de rigor y examen M\u00e9dico legista. Interviene UFI. 07 Local.-<\/p>\n","protected":false},"excerpt":{"rendered":"<p>Seg\u00fan se pudo averiguar el abuso ocurri\u00f3 el sanado en horas de la madruga tras estar presentes en un local bailable de nuestra ciudad y yendo trasladado hasta el hotel donde ocurri\u00f3 el hecho. En el d\u00eda de ayer personal policial alertado 911 acude a hotel, ubicado en calle Mitre 1300 ciudad, entrevist\u00e1ndose con un [&hellip;]<\/p>\n","protected":false},"author":4,"featured_media":77441,"comment_status":"closed","ping_status":"closed","sticky":false,"template":"","format":"standard","meta":{"om_disable_all_campaigns":false,"_jetpack_memberships_contains_paid_content":false,"footnotes":""},"categories":[50,2,103],"tags":[197,696,33,19],"class_list":["post-109066","post","type-post","status-publish","format-standard","has-post-thumbnail","hentry","category-destacadas","category-locales","category-policiales-locales","tag-buenos-aires","tag-interes-general","tag-locales","tag-san-pedro"],"aioseo_notices":[],"gutentor_comment":0,"jetpack_featured_media_url":"https:\/\/eldiariodesanpedro.com.ar\/sitio\/wp-content\/uploads\/2020\/07\/fiscalia_0.jpg","jetpack_shortlink":"https:\/\/wp.me\/p6RhLt-sn8","jetpack_sharing_enabled":true,"_links":{"self":[{"href":"https:\/\/eldiariodesanpedro.com.ar\/sitio\/wp-json\/wp\/v2\/posts\/109066","targetHints":{"allow":["GET"]}}],"collection":[{"href":"https:\/\/eldiariodesanpedro.com.ar\/sitio\/wp-json\/wp\/v2\/posts"}],"about":[{"href":"https:\/\/eldiariodesanpedro.com.ar\/sitio\/wp-json\/wp\/v2\/types\/post"}],"author":[{"embeddable":true,"href":"https:\/\/eldiariodesanpedro.com.ar\/sitio\/wp-json\/wp\/v2\/users\/4"}],"replies":[{"embeddable":true,"href":"https:\/\/eldiariodesanpedro.com.ar\/sitio\/wp-json\/wp\/v2\/comments?post=109066"}],"version-history":[{"count":2,"href":"https:\/\/eldiariodesanpedro.com.ar\/sitio\/wp-json\/wp\/v2\/posts\/109066\/revisions"}],"predecessor-version":[{"id":109068,"href":"https:\/\/eldiariodesanpedro.com.ar\/sitio\/wp-json\/wp\/v2\/posts\/109066\/revisions\/109068"}],"wp:featuredmedia":[{"embeddable":true,"href":"https:\/\/eldiariodesanpedro.com.ar\/sitio\/wp-json\/wp\/v2\/media\/77441"}],"wp:attachment":[{"href":"https:\/\/eldiariodesanpedro.com.ar\/sitio\/wp-json\/wp\/v2\/media?parent=109066"}],"wp:term":[{"taxonomy":"category","embeddable":true,"href":"https:\/\/eldiariodesanpedro.com.ar\/sitio\/wp-json\/wp\/v2\/categories?post=109066"},{"taxonomy":"post_tag","embeddable":true,"href":"https:\/\/eldiariodesanpedro.com.ar\/sitio\/wp-json\/wp\/v2\/tags?post=109066"}],"curies":[{"name":"wp","href":"https:\/\/api.w.org\/{rel}","templated":true}]}}