{"id":109061,"date":"2022-07-25T18:58:18","date_gmt":"2022-07-25T21:58:18","guid":{"rendered":"https:\/\/eldiariodesanpedro.com.ar\/sitio\/?p=109061"},"modified":"2022-07-25T18:58:19","modified_gmt":"2022-07-25T21:58:19","slug":"un-hombre-murio-al-chocar-contra-una-columna-y-una-joven-fue-intervenida-quirurgicamente","status":"publish","type":"post","link":"https:\/\/eldiariodesanpedro.com.ar\/sitio\/un-hombre-murio-al-chocar-contra-una-columna-y-una-joven-fue-intervenida-quirurgicamente\/","title":{"rendered":"Un hombre muri\u00f3 al chocar contra una columna y una joven fue intervenida quirurgicamente"},"content":{"rendered":"<!-- VideographyWP Plugin Message: Automatic video embedding prevented by plugin options. -->\n\n<p>El accidente se produjo en la ma\u00f1ana del domingo y el conductor de 33 a\u00f1os falleci\u00f3 en el acto. Una joven de 19 que lo acompa\u00f1aba sufri\u00f3 lesiones graves y fue trasladada a la guardia del hospital de nuestra ciudad.<\/p>\n\n\n\n<p>Un hombre de 33 a\u00f1os identificado como Walter Cejas, oriundo de Santa Luc\u00eda, falleci\u00f3 en la ma\u00f1ana del domingo luego de que el auto Ford Focus que manejaba chocara contra una columna de hormig\u00f3n que se encuentra sobre el lateral de la ruta 191.<\/p>\n\n\n\n<p>El conductor viajaba acompa\u00f1ado de una mujer identificada como Luciana Betancourt de 19 a\u00f1os, oriunda de Pueblo Doyle 2, qui\u00e9n sufri\u00f3 lesiones graves pero fue trasladada a la guardia del hospital Emilio ruffa.<\/p>\n\n\n\n<p>El rodado transitaba por inmediaciones de la curva de los dos machos en sentido a San Pedro cuando por cuestiones que se deben establecer se sali\u00f3 del pavimento y termin\u00f3 estrell\u00e1ndose contra la columna.<\/p>\n\n\n\n<p>Este lunes la joven fue intervenida quirurgicamente y su estado sigue siendo delicado.<\/p>\n\n\n\n<figure class=\"wp-block-image size-full\"><img decoding=\"async\" width=\"473\" height=\"630\" data-attachment-id=\"109063\" data-permalink=\"https:\/\/eldiariodesanpedro.com.ar\/sitio\/un-hombre-murio-al-chocar-contra-una-columna-y-una-joven-fue-intervenida-quirurgicamente\/whatsapp-image-2022-07-24-at-1-27-52-pm\/\" data-orig-file=\"https:\/\/eldiariodesanpedro.com.ar\/sitio\/wp-content\/uploads\/2022\/07\/WhatsApp-Image-2022-07-24-at-1.27.52-PM.jpeg\" data-orig-size=\"473,630\" data-comments-opened=\"0\" data-image-meta=\"{&quot;aperture&quot;:&quot;0&quot;,&quot;credit&quot;:&quot;&quot;,&quot;camera&quot;:&quot;&quot;,&quot;caption&quot;:&quot;&quot;,&quot;created_timestamp&quot;:&quot;0&quot;,&quot;copyright&quot;:&quot;&quot;,&quot;focal_length&quot;:&quot;0&quot;,&quot;iso&quot;:&quot;0&quot;,&quot;shutter_speed&quot;:&quot;0&quot;,&quot;title&quot;:&quot;&quot;,&quot;orientation&quot;:&quot;0&quot;}\" data-image-title=\"WhatsApp Image 2022-07-24 at 1.27.52 PM\" data-image-description=\"\" data-image-caption=\"\" data-large-file=\"https:\/\/eldiariodesanpedro.com.ar\/sitio\/wp-content\/uploads\/2022\/07\/WhatsApp-Image-2022-07-24-at-1.27.52-PM.jpeg\" data-src=\"https:\/\/eldiariodesanpedro.com.ar\/sitio\/wp-content\/uploads\/2022\/07\/WhatsApp-Image-2022-07-24-at-1.27.52-PM.jpeg\" alt=\"\" class=\"wp-image-109063 lazyload\" data-srcset=\"https:\/\/eldiariodesanpedro.com.ar\/sitio\/wp-content\/uploads\/2022\/07\/WhatsApp-Image-2022-07-24-at-1.27.52-PM.jpeg 473w, https:\/\/eldiariodesanpedro.com.ar\/sitio\/wp-content\/uploads\/2022\/07\/WhatsApp-Image-2022-07-24-at-1.27.52-PM-225x300.jpeg 225w\" data-sizes=\"(max-width: 473px) 100vw, 473px\" src=\"data:image\/svg+xml;base64,PHN2ZyB3aWR0aD0iMSIgaGVpZ2h0PSIxIiB4bWxucz0iaHR0cDovL3d3dy53My5vcmcvMjAwMC9zdmciPjwvc3ZnPg==\" style=\"--smush-placeholder-width: 473px; --smush-placeholder-aspect-ratio: 473\/630;\" \/><\/figure>\n\n\n\n<figure class=\"wp-block-image size-full\"><img decoding=\"async\" width=\"473\" height=\"630\" data-attachment-id=\"109062\" data-permalink=\"https:\/\/eldiariodesanpedro.com.ar\/sitio\/un-hombre-murio-al-chocar-contra-una-columna-y-una-joven-fue-intervenida-quirurgicamente\/whatsapp-image-2022-07-24-at-1-27-52-pm-1\/\" data-orig-file=\"https:\/\/eldiariodesanpedro.com.ar\/sitio\/wp-content\/uploads\/2022\/07\/WhatsApp-Image-2022-07-24-at-1.27.52-PM-1.jpeg\" data-orig-size=\"473,630\" data-comments-opened=\"0\" data-image-meta=\"{&quot;aperture&quot;:&quot;0&quot;,&quot;credit&quot;:&quot;&quot;,&quot;camera&quot;:&quot;&quot;,&quot;caption&quot;:&quot;&quot;,&quot;created_timestamp&quot;:&quot;0&quot;,&quot;copyright&quot;:&quot;&quot;,&quot;focal_length&quot;:&quot;0&quot;,&quot;iso&quot;:&quot;0&quot;,&quot;shutter_speed&quot;:&quot;0&quot;,&quot;title&quot;:&quot;&quot;,&quot;orientation&quot;:&quot;0&quot;}\" data-image-title=\"WhatsApp Image 2022-07-24 at 1.27.52 PM (1)\" data-image-description=\"\" data-image-caption=\"\" data-large-file=\"https:\/\/eldiariodesanpedro.com.ar\/sitio\/wp-content\/uploads\/2022\/07\/WhatsApp-Image-2022-07-24-at-1.27.52-PM-1.jpeg\" data-src=\"https:\/\/eldiariodesanpedro.com.ar\/sitio\/wp-content\/uploads\/2022\/07\/WhatsApp-Image-2022-07-24-at-1.27.52-PM-1.jpeg\" alt=\"\" class=\"wp-image-109062 lazyload\" data-srcset=\"https:\/\/eldiariodesanpedro.com.ar\/sitio\/wp-content\/uploads\/2022\/07\/WhatsApp-Image-2022-07-24-at-1.27.52-PM-1.jpeg 473w, https:\/\/eldiariodesanpedro.com.ar\/sitio\/wp-content\/uploads\/2022\/07\/WhatsApp-Image-2022-07-24-at-1.27.52-PM-1-225x300.jpeg 225w\" data-sizes=\"(max-width: 473px) 100vw, 473px\" src=\"data:image\/svg+xml;base64,PHN2ZyB3aWR0aD0iMSIgaGVpZ2h0PSIxIiB4bWxucz0iaHR0cDovL3d3dy53My5vcmcvMjAwMC9zdmciPjwvc3ZnPg==\" style=\"--smush-placeholder-width: 473px; --smush-placeholder-aspect-ratio: 473\/630;\" \/><\/figure>\n","protected":false},"excerpt":{"rendered":"<p>El accidente se produjo en la ma\u00f1ana del domingo y el conductor de 33 a\u00f1os falleci\u00f3 en el acto. Una joven de 19 que lo acompa\u00f1aba sufri\u00f3 lesiones graves y fue trasladada a la guardia del hospital de nuestra ciudad. Un hombre de 33 a\u00f1os identificado como Walter Cejas, oriundo de Santa Luc\u00eda, falleci\u00f3 en [&hellip;]<\/p>\n","protected":false},"author":4,"featured_media":109064,"comment_status":"closed","ping_status":"closed","sticky":false,"template":"","format":"standard","meta":{"om_disable_all_campaigns":false,"_jetpack_memberships_contains_paid_content":false,"footnotes":""},"categories":[50,101,2],"tags":[197,696,33,19],"class_list":["post-109061","post","type-post","status-publish","format-standard","has-post-thumbnail","hentry","category-destacadas","category-interes-general-locales","category-locales","tag-buenos-aires","tag-interes-general","tag-locales","tag-san-pedro"],"aioseo_notices":[],"gutentor_comment":0,"jetpack_featured_media_url":"https:\/\/eldiariodesanpedro.com.ar\/sitio\/wp-content\/uploads\/2022\/07\/WhatsApp-Image-2022-07-24-at-1.27.53-PM.jpeg","jetpack_shortlink":"https:\/\/wp.me\/p6RhLt-sn3","jetpack_sharing_enabled":true,"_links":{"self":[{"href":"https:\/\/eldiariodesanpedro.com.ar\/sitio\/wp-json\/wp\/v2\/posts\/109061","targetHints":{"allow":["GET"]}}],"collection":[{"href":"https:\/\/eldiariodesanpedro.com.ar\/sitio\/wp-json\/wp\/v2\/posts"}],"about":[{"href":"https:\/\/eldiariodesanpedro.com.ar\/sitio\/wp-json\/wp\/v2\/types\/post"}],"author":[{"embeddable":true,"href":"https:\/\/eldiariodesanpedro.com.ar\/sitio\/wp-json\/wp\/v2\/users\/4"}],"replies":[{"embeddable":true,"href":"https:\/\/eldiariodesanpedro.com.ar\/sitio\/wp-json\/wp\/v2\/comments?post=109061"}],"version-history":[{"count":1,"href":"https:\/\/eldiariodesanpedro.com.ar\/sitio\/wp-json\/wp\/v2\/posts\/109061\/revisions"}],"predecessor-version":[{"id":109065,"href":"https:\/\/eldiariodesanpedro.com.ar\/sitio\/wp-json\/wp\/v2\/posts\/109061\/revisions\/109065"}],"wp:featuredmedia":[{"embeddable":true,"href":"https:\/\/eldiariodesanpedro.com.ar\/sitio\/wp-json\/wp\/v2\/media\/109064"}],"wp:attachment":[{"href":"https:\/\/eldiariodesanpedro.com.ar\/sitio\/wp-json\/wp\/v2\/media?parent=109061"}],"wp:term":[{"taxonomy":"category","embeddable":true,"href":"https:\/\/eldiariodesanpedro.com.ar\/sitio\/wp-json\/wp\/v2\/categories?post=109061"},{"taxonomy":"post_tag","embeddable":true,"href":"https:\/\/eldiariodesanpedro.com.ar\/sitio\/wp-json\/wp\/v2\/tags?post=109061"}],"curies":[{"name":"wp","href":"https:\/\/api.w.org\/{rel}","templated":true}]}}