{"id":109055,"date":"2022-07-25T13:06:44","date_gmt":"2022-07-25T16:06:44","guid":{"rendered":"https:\/\/eldiariodesanpedro.com.ar\/sitio\/?p=109055"},"modified":"2022-07-25T13:06:45","modified_gmt":"2022-07-25T16:06:45","slug":"un-gran-marco-de-publico-paso-por-la-cuarta-edicion-de-la-fiesta-de-la-naranja-de-ombligo","status":"publish","type":"post","link":"https:\/\/eldiariodesanpedro.com.ar\/sitio\/un-gran-marco-de-publico-paso-por-la-cuarta-edicion-de-la-fiesta-de-la-naranja-de-ombligo\/","title":{"rendered":"Un gran marco de p\u00fablico pas\u00f3 por la cuarta edici\u00f3n de la Fiesta de la Naranja de Ombligo"},"content":{"rendered":"<!-- VideographyWP Plugin Message: Automatic video embedding prevented by plugin options. -->\n\n<p>Este domingo se desarroll\u00f3 la \u00faltima jornada de la Fiesta de la Naranja de Ombligo, una celebraci\u00f3n llevada a cabo por la Municipalidad de San Pedro junto a INTA, CAPROEM, SENASA, INASE y la C\u00e1mara de viveristas y la participaci\u00f3n de productores, comerciantes, empresarios, emprendedores, prestadores tur\u00edsticos y un gran marco de p\u00fablico que se acerc\u00f3 durante las dos jornadas a recorrer los diferentes stands, disfrutar de los shows en vivo y formar parte de esta festividad que fue un \u00e9xito.<\/p>\n\n\n\n<p>El evento cont\u00f3 con la presencia del Ministro de Desarrollo Agrario de la Provincia de Buenos Aires, Javier Rodr\u00edguez; el Secretario de Relaciones Institucionales del Ministerio de Agricultura, Ganader\u00eda y Pesca de la Naci\u00f3n, Jorge Solmi y el Subsecretario de Desarrollo Agrario y Calidad Agroalimentaria del Ministerio de Desarrollo Agrario Cristian Amarilla, quienes luego de un primer encuentro junto al Intendente Ram\u00f3n Salazar en el despacho oficial, recorrieron los diferentes stands, dialogaron con productores y observaron la exhibici\u00f3n de embaladores. Participaron de la reuni\u00f3n el secretario de Gobierno, Alfredo Carrasco; el secretario de Coordinaci\u00f3n Luciano Arias y el secretario de Desarrollo Econ\u00f3mico Mart\u00edn Baraybar.<\/p>\n\n\n\n<p>Durante la jornada se desarroll\u00f3 la final del concurso \u201cNaranja Infinita\u201d que tuvo como ganadora a Graciela Mabel Pedra y obtuvo un reconocimiento entregado por el Jefe Comunal y la secretaria de Turismo y Cutura, Marcela Cu\u00f1er. Finalmente, el grupo folkl\u00f3rico Los Maldonado fueron los encargados de cerrar una de las fiestas m\u00e1s coloridas de la ciudad que ofreci\u00f3 entretenimiento y atractivo a sampedrinos y turistas, generando adem\u00e1s un movimiento econ\u00f3mico importante para nuestra ciudad.<\/p>\n\n\n\n<figure class=\"wp-block-image size-full\"><img decoding=\"async\" width=\"945\" height=\"630\" data-attachment-id=\"109057\" data-permalink=\"https:\/\/eldiariodesanpedro.com.ar\/sitio\/un-gran-marco-de-publico-paso-por-la-cuarta-edicion-de-la-fiesta-de-la-naranja-de-ombligo\/whatsapp-image-2022-07-24-at-9-23-55-pm\/\" data-orig-file=\"https:\/\/eldiariodesanpedro.com.ar\/sitio\/wp-content\/uploads\/2022\/07\/WhatsApp-Image-2022-07-24-at-9.23.55-PM.jpeg\" data-orig-size=\"945,630\" data-comments-opened=\"0\" data-image-meta=\"{&quot;aperture&quot;:&quot;0&quot;,&quot;credit&quot;:&quot;&quot;,&quot;camera&quot;:&quot;&quot;,&quot;caption&quot;:&quot;&quot;,&quot;created_timestamp&quot;:&quot;0&quot;,&quot;copyright&quot;:&quot;&quot;,&quot;focal_length&quot;:&quot;0&quot;,&quot;iso&quot;:&quot;0&quot;,&quot;shutter_speed&quot;:&quot;0&quot;,&quot;title&quot;:&quot;&quot;,&quot;orientation&quot;:&quot;0&quot;}\" data-image-title=\"WhatsApp Image 2022-07-24 at 9.23.55 PM\" data-image-description=\"\" data-image-caption=\"\" data-large-file=\"https:\/\/eldiariodesanpedro.com.ar\/sitio\/wp-content\/uploads\/2022\/07\/WhatsApp-Image-2022-07-24-at-9.23.55-PM.jpeg\" data-src=\"https:\/\/eldiariodesanpedro.com.ar\/sitio\/wp-content\/uploads\/2022\/07\/WhatsApp-Image-2022-07-24-at-9.23.55-PM.jpeg\" alt=\"\" class=\"wp-image-109057 lazyload\" data-srcset=\"https:\/\/eldiariodesanpedro.com.ar\/sitio\/wp-content\/uploads\/2022\/07\/WhatsApp-Image-2022-07-24-at-9.23.55-PM.jpeg 945w, https:\/\/eldiariodesanpedro.com.ar\/sitio\/wp-content\/uploads\/2022\/07\/WhatsApp-Image-2022-07-24-at-9.23.55-PM-300x200.jpeg 300w, https:\/\/eldiariodesanpedro.com.ar\/sitio\/wp-content\/uploads\/2022\/07\/WhatsApp-Image-2022-07-24-at-9.23.55-PM-768x512.jpeg 768w\" data-sizes=\"(max-width: 945px) 100vw, 945px\" src=\"data:image\/svg+xml;base64,PHN2ZyB3aWR0aD0iMSIgaGVpZ2h0PSIxIiB4bWxucz0iaHR0cDovL3d3dy53My5vcmcvMjAwMC9zdmciPjwvc3ZnPg==\" style=\"--smush-placeholder-width: 945px; --smush-placeholder-aspect-ratio: 945\/630;\" \/><\/figure>\n\n\n\n<figure class=\"wp-block-image size-full\"><img decoding=\"async\" width=\"945\" height=\"630\" data-attachment-id=\"109058\" data-permalink=\"https:\/\/eldiariodesanpedro.com.ar\/sitio\/un-gran-marco-de-publico-paso-por-la-cuarta-edicion-de-la-fiesta-de-la-naranja-de-ombligo\/whatsapp-image-2022-07-24-at-9-23-57-pm\/\" data-orig-file=\"https:\/\/eldiariodesanpedro.com.ar\/sitio\/wp-content\/uploads\/2022\/07\/WhatsApp-Image-2022-07-24-at-9.23.57-PM.jpeg\" data-orig-size=\"945,630\" data-comments-opened=\"0\" data-image-meta=\"{&quot;aperture&quot;:&quot;0&quot;,&quot;credit&quot;:&quot;&quot;,&quot;camera&quot;:&quot;&quot;,&quot;caption&quot;:&quot;&quot;,&quot;created_timestamp&quot;:&quot;0&quot;,&quot;copyright&quot;:&quot;&quot;,&quot;focal_length&quot;:&quot;0&quot;,&quot;iso&quot;:&quot;0&quot;,&quot;shutter_speed&quot;:&quot;0&quot;,&quot;title&quot;:&quot;&quot;,&quot;orientation&quot;:&quot;0&quot;}\" data-image-title=\"WhatsApp Image 2022-07-24 at 9.23.57 PM\" data-image-description=\"\" data-image-caption=\"\" data-large-file=\"https:\/\/eldiariodesanpedro.com.ar\/sitio\/wp-content\/uploads\/2022\/07\/WhatsApp-Image-2022-07-24-at-9.23.57-PM.jpeg\" data-src=\"https:\/\/eldiariodesanpedro.com.ar\/sitio\/wp-content\/uploads\/2022\/07\/WhatsApp-Image-2022-07-24-at-9.23.57-PM.jpeg\" alt=\"\" class=\"wp-image-109058 lazyload\" data-srcset=\"https:\/\/eldiariodesanpedro.com.ar\/sitio\/wp-content\/uploads\/2022\/07\/WhatsApp-Image-2022-07-24-at-9.23.57-PM.jpeg 945w, https:\/\/eldiariodesanpedro.com.ar\/sitio\/wp-content\/uploads\/2022\/07\/WhatsApp-Image-2022-07-24-at-9.23.57-PM-300x200.jpeg 300w, https:\/\/eldiariodesanpedro.com.ar\/sitio\/wp-content\/uploads\/2022\/07\/WhatsApp-Image-2022-07-24-at-9.23.57-PM-768x512.jpeg 768w\" data-sizes=\"(max-width: 945px) 100vw, 945px\" src=\"data:image\/svg+xml;base64,PHN2ZyB3aWR0aD0iMSIgaGVpZ2h0PSIxIiB4bWxucz0iaHR0cDovL3d3dy53My5vcmcvMjAwMC9zdmciPjwvc3ZnPg==\" style=\"--smush-placeholder-width: 945px; --smush-placeholder-aspect-ratio: 945\/630;\" \/><\/figure>\n\n\n\n<figure class=\"wp-block-image size-full\"><img decoding=\"async\" width=\"955\" height=\"630\" data-attachment-id=\"109059\" data-permalink=\"https:\/\/eldiariodesanpedro.com.ar\/sitio\/un-gran-marco-de-publico-paso-por-la-cuarta-edicion-de-la-fiesta-de-la-naranja-de-ombligo\/whatsapp-image-2022-07-24-at-9-23-59-pm\/\" data-orig-file=\"https:\/\/eldiariodesanpedro.com.ar\/sitio\/wp-content\/uploads\/2022\/07\/WhatsApp-Image-2022-07-24-at-9.23.59-PM.jpeg\" data-orig-size=\"955,630\" data-comments-opened=\"0\" data-image-meta=\"{&quot;aperture&quot;:&quot;0&quot;,&quot;credit&quot;:&quot;&quot;,&quot;camera&quot;:&quot;&quot;,&quot;caption&quot;:&quot;&quot;,&quot;created_timestamp&quot;:&quot;0&quot;,&quot;copyright&quot;:&quot;&quot;,&quot;focal_length&quot;:&quot;0&quot;,&quot;iso&quot;:&quot;0&quot;,&quot;shutter_speed&quot;:&quot;0&quot;,&quot;title&quot;:&quot;&quot;,&quot;orientation&quot;:&quot;0&quot;}\" data-image-title=\"WhatsApp Image 2022-07-24 at 9.23.59 PM\" data-image-description=\"\" data-image-caption=\"\" data-large-file=\"https:\/\/eldiariodesanpedro.com.ar\/sitio\/wp-content\/uploads\/2022\/07\/WhatsApp-Image-2022-07-24-at-9.23.59-PM.jpeg\" data-src=\"https:\/\/eldiariodesanpedro.com.ar\/sitio\/wp-content\/uploads\/2022\/07\/WhatsApp-Image-2022-07-24-at-9.23.59-PM.jpeg\" alt=\"\" class=\"wp-image-109059 lazyload\" data-srcset=\"https:\/\/eldiariodesanpedro.com.ar\/sitio\/wp-content\/uploads\/2022\/07\/WhatsApp-Image-2022-07-24-at-9.23.59-PM.jpeg 955w, https:\/\/eldiariodesanpedro.com.ar\/sitio\/wp-content\/uploads\/2022\/07\/WhatsApp-Image-2022-07-24-at-9.23.59-PM-300x198.jpeg 300w, https:\/\/eldiariodesanpedro.com.ar\/sitio\/wp-content\/uploads\/2022\/07\/WhatsApp-Image-2022-07-24-at-9.23.59-PM-768x507.jpeg 768w\" data-sizes=\"(max-width: 955px) 100vw, 955px\" src=\"data:image\/svg+xml;base64,PHN2ZyB3aWR0aD0iMSIgaGVpZ2h0PSIxIiB4bWxucz0iaHR0cDovL3d3dy53My5vcmcvMjAwMC9zdmciPjwvc3ZnPg==\" style=\"--smush-placeholder-width: 955px; --smush-placeholder-aspect-ratio: 955\/630;\" \/><\/figure>\n","protected":false},"excerpt":{"rendered":"<p>Este domingo se desarroll\u00f3 la \u00faltima jornada de la Fiesta de la Naranja de Ombligo, una celebraci\u00f3n llevada a cabo por la Municipalidad de San Pedro junto a INTA, CAPROEM, SENASA, INASE y la C\u00e1mara de viveristas y la participaci\u00f3n de productores, comerciantes, empresarios, emprendedores, prestadores tur\u00edsticos y un gran marco de p\u00fablico que se [&hellip;]<\/p>\n","protected":false},"author":4,"featured_media":109056,"comment_status":"closed","ping_status":"closed","sticky":false,"template":"","format":"standard","meta":{"om_disable_all_campaigns":false,"_jetpack_memberships_contains_paid_content":false,"footnotes":""},"categories":[50,101,2],"tags":[197,696,33,19],"class_list":["post-109055","post","type-post","status-publish","format-standard","has-post-thumbnail","hentry","category-destacadas","category-interes-general-locales","category-locales","tag-buenos-aires","tag-interes-general","tag-locales","tag-san-pedro"],"aioseo_notices":[],"gutentor_comment":0,"jetpack_featured_media_url":"https:\/\/eldiariodesanpedro.com.ar\/sitio\/wp-content\/uploads\/2022\/07\/WhatsApp-Image-2022-07-24-at-9.23.58-PM-1.jpeg","jetpack_shortlink":"https:\/\/wp.me\/p6RhLt-smX","jetpack_sharing_enabled":true,"_links":{"self":[{"href":"https:\/\/eldiariodesanpedro.com.ar\/sitio\/wp-json\/wp\/v2\/posts\/109055","targetHints":{"allow":["GET"]}}],"collection":[{"href":"https:\/\/eldiariodesanpedro.com.ar\/sitio\/wp-json\/wp\/v2\/posts"}],"about":[{"href":"https:\/\/eldiariodesanpedro.com.ar\/sitio\/wp-json\/wp\/v2\/types\/post"}],"author":[{"embeddable":true,"href":"https:\/\/eldiariodesanpedro.com.ar\/sitio\/wp-json\/wp\/v2\/users\/4"}],"replies":[{"embeddable":true,"href":"https:\/\/eldiariodesanpedro.com.ar\/sitio\/wp-json\/wp\/v2\/comments?post=109055"}],"version-history":[{"count":1,"href":"https:\/\/eldiariodesanpedro.com.ar\/sitio\/wp-json\/wp\/v2\/posts\/109055\/revisions"}],"predecessor-version":[{"id":109060,"href":"https:\/\/eldiariodesanpedro.com.ar\/sitio\/wp-json\/wp\/v2\/posts\/109055\/revisions\/109060"}],"wp:featuredmedia":[{"embeddable":true,"href":"https:\/\/eldiariodesanpedro.com.ar\/sitio\/wp-json\/wp\/v2\/media\/109056"}],"wp:attachment":[{"href":"https:\/\/eldiariodesanpedro.com.ar\/sitio\/wp-json\/wp\/v2\/media?parent=109055"}],"wp:term":[{"taxonomy":"category","embeddable":true,"href":"https:\/\/eldiariodesanpedro.com.ar\/sitio\/wp-json\/wp\/v2\/categories?post=109055"},{"taxonomy":"post_tag","embeddable":true,"href":"https:\/\/eldiariodesanpedro.com.ar\/sitio\/wp-json\/wp\/v2\/tags?post=109055"}],"curies":[{"name":"wp","href":"https:\/\/api.w.org\/{rel}","templated":true}]}}