{"id":109052,"date":"2022-07-25T10:43:52","date_gmt":"2022-07-25T13:43:52","guid":{"rendered":"https:\/\/eldiariodesanpedro.com.ar\/sitio\/?p=109052"},"modified":"2022-07-25T10:43:53","modified_gmt":"2022-07-25T13:43:53","slug":"115-aniversario-de-san-pedro-ciudad","status":"publish","type":"post","link":"https:\/\/eldiariodesanpedro.com.ar\/sitio\/115-aniversario-de-san-pedro-ciudad\/","title":{"rendered":"115\u00b0 Aniversario de San Pedro Ciudad"},"content":{"rendered":"<!-- VideographyWP Plugin Message: Automatic video embedding prevented by plugin options. -->\n\n<p>La ciudad celebra este 25 de julio un nuevo aniversario de su fundaci\u00f3n. Desde all\u00ed un repaso a la historia y el recuerdo de quienes decidieron transformar a San Pedro ciudad.<\/p>\n\n\n\n<p>Cuando San Pedro se transformaba en ciudad&#8230;<\/p>\n\n\n\n<p>-por Julia Mc Inerny-<\/p>\n\n\n\n<p>En aquella primera d\u00e9cada del siglo XX, cuando el pueblo de San Pedro estaba muy cerca de convertirse en ciudad, &#8216;se produjo&nbsp;\u00abla inauguraci\u00f3n del edificio de la sucursal del Banco de la Naci\u00f3n Argentina en la esquina que forman las calles Pellegrini y Defensa \u00ab.&nbsp;Desde \u00abEl Independiente\u00bb se adelantaba que&nbsp;\u00abA este acto que tendr\u00e1 todas las proyec\u00adciones de un acontecimiento local, concurrir\u00e1n desde la capital altos empleados del Banco, la instituci\u00f3n m\u00e1s poderosa de la rep\u00fablica\u00bb.<\/p>\n\n\n\n<p>Este importante acontecimiento dio lugar a la formaci\u00f3n de una Comisi\u00f3n organizadora de una demostraci\u00f3n en reconoci\u00admiento y homenaje a esos esperados funcionarios, integrada por los se\u00f1ores Benito Fern\u00e1ndez, V\u00edctor Suero, Carlos Meyer, Andr\u00e9s Rocca, Germ\u00e1n Tejerina, Nicol\u00e1s Perazzo, Agust\u00edn Vaccari, Alejandro Ruggia, H\u00e9ctor Coana, Antonio Zald\u00faa, Francisco Romero y Carlos Rempel.<\/p>\n\n\n\n<p>Tal como estaba previsto y de acuerdo a las noticias del peri\u00f3dico, el 21&nbsp;de julio de&nbsp;1907 los visitantes fueron recibidos en la estaci\u00f3n local por una comisi\u00f3n del comercio local, y despu\u00e9s del&nbsp;lunch&nbsp;servido en el nuevo edificio del Banco en el que se pronunciaron varios discursos alusivos al acto, recorrie\u00adron el pueblo en carruaje, acompa\u00f1ados por el se\u00f1or gerente F\u00e9lix Madrid y varios vecinos. Por la noche tuvo lugar el banquete anunciado en el amplio sal\u00f3n del Centro Espa\u00f1ol, al que concurrieron. m\u00e1s de ciento veinte comensales, en su mayor\u00eda representantes del comercio local, y en el cual hubo palabras del Sr, Germ\u00e1n Tejerina para ofrecer ese homenaje, y del Sr. Solveyra para agradecerlo en nombre de los obsequia\u00addos. A continuaci\u00f3n&nbsp;\u00abse improvis\u00f3 una tertulia en el Club Unido, la que con inusitada animaci\u00f3n se prolong\u00f3 hasta altas horas de la noche. Los hu\u00e9spedes se ausentaron para la capital federal esa misma noche\u00bb.<\/p>\n\n\n\n<p>Estas importantes informaciones coincidieron con otra relevante noticia que&nbsp;El Independiente&nbsp;publicaba, al conocer\u00adse que&nbsp;\u00abla c\u00e1mara de diputados de la provincia, en su sesi\u00f3n del viernes 19 de julio de 1907, hab\u00eda declarado ciudades a los pueblos de San Pedro y Mar del Plata. Poco a poco se van cumpliendo los pron\u00f3sticos de que este pueblo, tanto por su situaci\u00f3n topogr\u00e1fica, como por la importancia de sus industrias y comercio, llegar\u00eda a ser &#8216; una gran ciudad. \u00ab<\/p>\n\n\n\n<p>Entre los saludos recibidos por ser declarado ciudad, se destacan las palabras de&nbsp;\u00abLa Idea\u00bb&nbsp;de Pergamino:&nbsp;\u00abEs un rasgo de prominencia, un t\u00edtulo honroso que leg\u00edtimamen\u00adte le corresponde por los esfuerzos hechos en tal sentido, traducidos en una labor no interrumpida de prosperidad com\u00fan\u00bb. \u00abLa inauguraci\u00f3n del edificio para la sucursal del Banco de la Naci\u00f3n, obra suntuosa y bella, y una nueva concesi\u00f3n portuaria cercana a la destiler\u00eda La Estrella, son dos signos m\u00e1s de progreso efectivo que atrae y empuja hacia senderos de grandeza\u00bb. \u00abFelicitamos al vecindario de San Pedro por estas conquistas dignas de encomio y de recuerdo, y lo exhortamos a que no desmaye en la ruta que se ha impuesto respondiendo a los anhelos y necesidades comunes. \u00ab<\/p>\n\n\n\n<p>Pasaron&nbsp;115&nbsp;a\u00f1os y esas palabras de aliento se mantienen notablemente actuales. S\u00f3lo resta esperar que iluminen siem\u00adpre la ruta ideal a seguir por este querido San Pedro.<\/p>\n","protected":false},"excerpt":{"rendered":"<p>La ciudad celebra este 25 de julio un nuevo aniversario de su fundaci\u00f3n. Desde all\u00ed un repaso a la historia y el recuerdo de quienes decidieron transformar a San Pedro ciudad. Cuando San Pedro se transformaba en ciudad&#8230; -por Julia Mc Inerny- En aquella primera d\u00e9cada del siglo XX, cuando el pueblo de San Pedro [&hellip;]<\/p>\n","protected":false},"author":4,"featured_media":109053,"comment_status":"closed","ping_status":"closed","sticky":false,"template":"","format":"standard","meta":{"om_disable_all_campaigns":false,"_jetpack_memberships_contains_paid_content":false,"footnotes":""},"categories":[50,101,2],"tags":[197,696,33,19],"class_list":["post-109052","post","type-post","status-publish","format-standard","has-post-thumbnail","hentry","category-destacadas","category-interes-general-locales","category-locales","tag-buenos-aires","tag-interes-general","tag-locales","tag-san-pedro"],"aioseo_notices":[],"gutentor_comment":0,"jetpack_featured_media_url":"https:\/\/eldiariodesanpedro.com.ar\/sitio\/wp-content\/uploads\/2022\/07\/0000021085-resized-1920x1080-1.jpg","jetpack_shortlink":"https:\/\/wp.me\/p6RhLt-smU","jetpack_sharing_enabled":true,"_links":{"self":[{"href":"https:\/\/eldiariodesanpedro.com.ar\/sitio\/wp-json\/wp\/v2\/posts\/109052","targetHints":{"allow":["GET"]}}],"collection":[{"href":"https:\/\/eldiariodesanpedro.com.ar\/sitio\/wp-json\/wp\/v2\/posts"}],"about":[{"href":"https:\/\/eldiariodesanpedro.com.ar\/sitio\/wp-json\/wp\/v2\/types\/post"}],"author":[{"embeddable":true,"href":"https:\/\/eldiariodesanpedro.com.ar\/sitio\/wp-json\/wp\/v2\/users\/4"}],"replies":[{"embeddable":true,"href":"https:\/\/eldiariodesanpedro.com.ar\/sitio\/wp-json\/wp\/v2\/comments?post=109052"}],"version-history":[{"count":1,"href":"https:\/\/eldiariodesanpedro.com.ar\/sitio\/wp-json\/wp\/v2\/posts\/109052\/revisions"}],"predecessor-version":[{"id":109054,"href":"https:\/\/eldiariodesanpedro.com.ar\/sitio\/wp-json\/wp\/v2\/posts\/109052\/revisions\/109054"}],"wp:featuredmedia":[{"embeddable":true,"href":"https:\/\/eldiariodesanpedro.com.ar\/sitio\/wp-json\/wp\/v2\/media\/109053"}],"wp:attachment":[{"href":"https:\/\/eldiariodesanpedro.com.ar\/sitio\/wp-json\/wp\/v2\/media?parent=109052"}],"wp:term":[{"taxonomy":"category","embeddable":true,"href":"https:\/\/eldiariodesanpedro.com.ar\/sitio\/wp-json\/wp\/v2\/categories?post=109052"},{"taxonomy":"post_tag","embeddable":true,"href":"https:\/\/eldiariodesanpedro.com.ar\/sitio\/wp-json\/wp\/v2\/tags?post=109052"}],"curies":[{"name":"wp","href":"https:\/\/api.w.org\/{rel}","templated":true}]}}