{"id":109049,"date":"2022-07-22T13:44:34","date_gmt":"2022-07-22T16:44:34","guid":{"rendered":"https:\/\/eldiariodesanpedro.com.ar\/sitio\/?p=109049"},"modified":"2022-07-22T13:44:34","modified_gmt":"2022-07-22T16:44:34","slug":"se-allanaron-tres-viviendas-y-se-recupero-dinero-en-efectivo-robado","status":"publish","type":"post","link":"https:\/\/eldiariodesanpedro.com.ar\/sitio\/se-allanaron-tres-viviendas-y-se-recupero-dinero-en-efectivo-robado\/","title":{"rendered":"Se allanaron tres viviendas y se recupero dinero en efectivo robado"},"content":{"rendered":"<!-- VideographyWP Plugin Message: Automatic video embedding prevented by plugin options. -->\n\n<p>En la tarde de ayer, en un amplio operativo policial, se diligenciaron tres \u00f3rdenes de allanamiento, dos en Santa Luc\u00eda y uno en San Pedro, m\u00e1s precisamente en Cruz Roja al 2800, donde se procedi\u00f3 a importante suma de dinero, como as\u00ed d\u00f3lares estadounidenses.&nbsp;<\/p>\n\n\n\n<p>En ese domicilio reside masculino de 38 a\u00f1os de edad que cumple arresto domiciliario reciente, por causa de robo calificado.&nbsp;<\/p>\n\n\n\n<p>Las diligencias de la localidad de Santa Luc\u00eda se dieron en dos domicilios del radio urbano, que no se logr\u00f3 secuestro alguno, todo fue en el marco de un hecho de \u201crobo\u201d denunciado el mi\u00e9rcoles y ocurrido en Santa Luc\u00eda, cuando un masculino de 72 a\u00f1os de edad, fue sorprendido en su vivienda durante la noche por delincuentes que le sustrajeron dinero en efectivo.&nbsp;Respecto del sujeto donde se practic\u00f3 la diligencia y se secuestr\u00f3 el dinero referido, no se dispusieron medidas, el cual cumple arresto domiciliario dispuesto hace corto tiempo atr\u00e1s, a disposici\u00f3n de la justicia de San Nicol\u00e1s por \u201crobo calificado en San Pedro\u201d, ocurrido en el mes de enero del corriente a\u00f1o.<br>Interviene UFI 5 local.-<\/p>\n","protected":false},"excerpt":{"rendered":"<p>En la tarde de ayer, en un amplio operativo policial, se diligenciaron tres \u00f3rdenes de allanamiento, dos en Santa Luc\u00eda y uno en San Pedro, m\u00e1s precisamente en Cruz Roja al 2800, donde se procedi\u00f3 a importante suma de dinero, como as\u00ed d\u00f3lares estadounidenses.&nbsp; En ese domicilio reside masculino de 38 a\u00f1os de edad que [&hellip;]<\/p>\n","protected":false},"author":4,"featured_media":109050,"comment_status":"closed","ping_status":"closed","sticky":false,"template":"","format":"standard","meta":{"om_disable_all_campaigns":false,"_jetpack_memberships_contains_paid_content":false,"footnotes":""},"categories":[50,2,103],"tags":[197,33,95,19],"class_list":["post-109049","post","type-post","status-publish","format-standard","has-post-thumbnail","hentry","category-destacadas","category-locales","category-policiales-locales","tag-buenos-aires","tag-locales","tag-policiales","tag-san-pedro"],"aioseo_notices":[],"gutentor_comment":0,"jetpack_featured_media_url":"https:\/\/eldiariodesanpedro.com.ar\/sitio\/wp-content\/uploads\/2022\/07\/Secuestro-Santa-Lucia.jpg","jetpack_shortlink":"https:\/\/wp.me\/p6RhLt-smR","jetpack_sharing_enabled":true,"_links":{"self":[{"href":"https:\/\/eldiariodesanpedro.com.ar\/sitio\/wp-json\/wp\/v2\/posts\/109049","targetHints":{"allow":["GET"]}}],"collection":[{"href":"https:\/\/eldiariodesanpedro.com.ar\/sitio\/wp-json\/wp\/v2\/posts"}],"about":[{"href":"https:\/\/eldiariodesanpedro.com.ar\/sitio\/wp-json\/wp\/v2\/types\/post"}],"author":[{"embeddable":true,"href":"https:\/\/eldiariodesanpedro.com.ar\/sitio\/wp-json\/wp\/v2\/users\/4"}],"replies":[{"embeddable":true,"href":"https:\/\/eldiariodesanpedro.com.ar\/sitio\/wp-json\/wp\/v2\/comments?post=109049"}],"version-history":[{"count":1,"href":"https:\/\/eldiariodesanpedro.com.ar\/sitio\/wp-json\/wp\/v2\/posts\/109049\/revisions"}],"predecessor-version":[{"id":109051,"href":"https:\/\/eldiariodesanpedro.com.ar\/sitio\/wp-json\/wp\/v2\/posts\/109049\/revisions\/109051"}],"wp:featuredmedia":[{"embeddable":true,"href":"https:\/\/eldiariodesanpedro.com.ar\/sitio\/wp-json\/wp\/v2\/media\/109050"}],"wp:attachment":[{"href":"https:\/\/eldiariodesanpedro.com.ar\/sitio\/wp-json\/wp\/v2\/media?parent=109049"}],"wp:term":[{"taxonomy":"category","embeddable":true,"href":"https:\/\/eldiariodesanpedro.com.ar\/sitio\/wp-json\/wp\/v2\/categories?post=109049"},{"taxonomy":"post_tag","embeddable":true,"href":"https:\/\/eldiariodesanpedro.com.ar\/sitio\/wp-json\/wp\/v2\/tags?post=109049"}],"curies":[{"name":"wp","href":"https:\/\/api.w.org\/{rel}","templated":true}]}}