{"id":109046,"date":"2022-07-22T13:37:24","date_gmt":"2022-07-22T16:37:24","guid":{"rendered":"https:\/\/eldiariodesanpedro.com.ar\/sitio\/?p=109046"},"modified":"2022-07-22T13:37:24","modified_gmt":"2022-07-22T16:37:24","slug":"la-policia-recupero-una-motocicleta-que-habia-sido-robada-la-noche-anterior","status":"publish","type":"post","link":"https:\/\/eldiariodesanpedro.com.ar\/sitio\/la-policia-recupero-una-motocicleta-que-habia-sido-robada-la-noche-anterior\/","title":{"rendered":"La polic\u00eda recuper\u00f3 una motocicleta que hab\u00eda sido robada la noche anterior"},"content":{"rendered":"<!-- VideographyWP Plugin Message: Automatic video embedding prevented by plugin options. -->\n\n<p>El pasado mediod\u00eda de ayer, el personal policial de la comisar\u00eda se hace presente en calle Javier Rivero al 1700 donde procedi\u00f3 al secuestro de motocicleta 110 cc abandonada, la cual hab\u00eda sido sustra\u00edda en la madrugada v\u00eda p\u00fablica Pellgrini y Obligado propiedad de una mujer de 27 a\u00f1os que la dej\u00f3 estacionada\u00a0 tras salida nocturna, siendo el rodado restituido a su propietaria, se trata establecer autor\u00eda. Interviene.<\/p>\n","protected":false},"excerpt":{"rendered":"<p>El pasado mediod\u00eda de ayer, el personal policial de la comisar\u00eda se hace presente en calle Javier Rivero al 1700 donde procedi\u00f3 al secuestro de motocicleta 110 cc abandonada, la cual hab\u00eda sido sustra\u00edda en la madrugada v\u00eda p\u00fablica Pellgrini y Obligado propiedad de una mujer de 27 a\u00f1os que la dej\u00f3 estacionada\u00a0 tras salida [&hellip;]<\/p>\n","protected":false},"author":4,"featured_media":109047,"comment_status":"closed","ping_status":"closed","sticky":false,"template":"","format":"standard","meta":{"om_disable_all_campaigns":false,"_jetpack_memberships_contains_paid_content":false,"footnotes":""},"categories":[50,2,103],"tags":[197,33,95,19],"class_list":["post-109046","post","type-post","status-publish","format-standard","has-post-thumbnail","hentry","category-destacadas","category-locales","category-policiales-locales","tag-buenos-aires","tag-locales","tag-policiales","tag-san-pedro"],"aioseo_notices":[],"gutentor_comment":0,"jetpack_featured_media_url":"https:\/\/eldiariodesanpedro.com.ar\/sitio\/wp-content\/uploads\/2022\/07\/medida-10.png","jetpack_shortlink":"https:\/\/wp.me\/p6RhLt-smO","jetpack_sharing_enabled":true,"_links":{"self":[{"href":"https:\/\/eldiariodesanpedro.com.ar\/sitio\/wp-json\/wp\/v2\/posts\/109046","targetHints":{"allow":["GET"]}}],"collection":[{"href":"https:\/\/eldiariodesanpedro.com.ar\/sitio\/wp-json\/wp\/v2\/posts"}],"about":[{"href":"https:\/\/eldiariodesanpedro.com.ar\/sitio\/wp-json\/wp\/v2\/types\/post"}],"author":[{"embeddable":true,"href":"https:\/\/eldiariodesanpedro.com.ar\/sitio\/wp-json\/wp\/v2\/users\/4"}],"replies":[{"embeddable":true,"href":"https:\/\/eldiariodesanpedro.com.ar\/sitio\/wp-json\/wp\/v2\/comments?post=109046"}],"version-history":[{"count":1,"href":"https:\/\/eldiariodesanpedro.com.ar\/sitio\/wp-json\/wp\/v2\/posts\/109046\/revisions"}],"predecessor-version":[{"id":109048,"href":"https:\/\/eldiariodesanpedro.com.ar\/sitio\/wp-json\/wp\/v2\/posts\/109046\/revisions\/109048"}],"wp:featuredmedia":[{"embeddable":true,"href":"https:\/\/eldiariodesanpedro.com.ar\/sitio\/wp-json\/wp\/v2\/media\/109047"}],"wp:attachment":[{"href":"https:\/\/eldiariodesanpedro.com.ar\/sitio\/wp-json\/wp\/v2\/media?parent=109046"}],"wp:term":[{"taxonomy":"category","embeddable":true,"href":"https:\/\/eldiariodesanpedro.com.ar\/sitio\/wp-json\/wp\/v2\/categories?post=109046"},{"taxonomy":"post_tag","embeddable":true,"href":"https:\/\/eldiariodesanpedro.com.ar\/sitio\/wp-json\/wp\/v2\/tags?post=109046"}],"curies":[{"name":"wp","href":"https:\/\/api.w.org\/{rel}","templated":true}]}}