{"id":109029,"date":"2022-07-22T10:27:07","date_gmt":"2022-07-22T13:27:07","guid":{"rendered":"https:\/\/eldiariodesanpedro.com.ar\/sitio\/?p=109029"},"modified":"2022-07-22T10:27:07","modified_gmt":"2022-07-22T13:27:07","slug":"la-ampliacion-de-la-termoelectrica-generara-entre-400-y-600-puestos-de-trabajo","status":"publish","type":"post","link":"https:\/\/eldiariodesanpedro.com.ar\/sitio\/la-ampliacion-de-la-termoelectrica-generara-entre-400-y-600-puestos-de-trabajo\/","title":{"rendered":"La ampliaci\u00f3n de la Termoel\u00e9ctrica generar\u00e1 entre 400 y 600 puestos de trabajo"},"content":{"rendered":"<!-- VideographyWP Plugin Message: Automatic video embedding prevented by plugin options. -->\n\n<p>Luego de un primer encuentro a mediados de abril entre el Intendente Municipal, Ram\u00f3n Salazar y el Director de Energ\u00eda de la Central, Ricardo Bernengo, donde se manifest\u00f3 la posibilidad de que la empresa invierta en sus plantas, el Jefe Comunal puso a disposici\u00f3n lo que se necesite desde el municipio para que esta obra se realice y le solicit\u00f3 que se d\u00e9 prioridad a la mano de obra sampedrina. Posteriormente, la empresa mantuvo varias reuniones con funcionarios provinciales y nacionales para finalmente concretar esta importante inversi\u00f3n que permitir\u00e1 generar entre 400 y 600 puestos de trabajo durante todo el proceso de reformas, estimadas a finalizar en dos a\u00f1os.<\/p>\n\n\n\n<p>Este jueves el Dr. Salazar fue invitado a visitar la Central Termoel\u00e9ctrica para recorrer las instalaciones junto al Director Ricardo Bernengo, y observar en detalle el proceso de ampliaci\u00f3n y conversi\u00f3n que se implementar\u00e1 con la incorporaci\u00f3n de mayor infraestructura y una inversi\u00f3n de 132 millones de d\u00f3lares que permitir\u00e1 generar una potencia adicional de aproximadamente 50 MW, totalizando una potencia de 200 MW, llegando a los m\u00e1ximos niveles de generaci\u00f3n de energ\u00eda en diciembre de 2023.<\/p>\n\n\n\n<p>Participaron de la recorrida junto al Intendente el secretario de Coordinaci\u00f3n Luciano Arias; el secretario de Desarrollo Econ\u00f3mico, Mart\u00edn Baraybar; el concejal, presidente del Bloque Frente de Todos, Juan Cruz Gonz\u00e1lez, el l\u00edder de operaciones de la Central, Facundo Mansilla y el coordinador de Seguridad, Hern\u00e1n Oliva.<\/p>\n\n\n\n<figure class=\"wp-block-image size-full\"><img decoding=\"async\" width=\"925\" height=\"630\" data-attachment-id=\"109032\" data-permalink=\"https:\/\/eldiariodesanpedro.com.ar\/sitio\/la-ampliacion-de-la-termoelectrica-generara-entre-400-y-600-puestos-de-trabajo\/whatsapp-image-2022-07-21-at-9-25-30-pm\/\" data-orig-file=\"https:\/\/eldiariodesanpedro.com.ar\/sitio\/wp-content\/uploads\/2022\/07\/WhatsApp-Image-2022-07-21-at-9.25.30-PM.jpeg\" data-orig-size=\"925,630\" data-comments-opened=\"0\" data-image-meta=\"{&quot;aperture&quot;:&quot;0&quot;,&quot;credit&quot;:&quot;&quot;,&quot;camera&quot;:&quot;&quot;,&quot;caption&quot;:&quot;&quot;,&quot;created_timestamp&quot;:&quot;0&quot;,&quot;copyright&quot;:&quot;&quot;,&quot;focal_length&quot;:&quot;0&quot;,&quot;iso&quot;:&quot;0&quot;,&quot;shutter_speed&quot;:&quot;0&quot;,&quot;title&quot;:&quot;&quot;,&quot;orientation&quot;:&quot;0&quot;}\" data-image-title=\"WhatsApp Image 2022-07-21 at 9.25.30 PM\" data-image-description=\"\" data-image-caption=\"\" data-large-file=\"https:\/\/eldiariodesanpedro.com.ar\/sitio\/wp-content\/uploads\/2022\/07\/WhatsApp-Image-2022-07-21-at-9.25.30-PM.jpeg\" data-src=\"https:\/\/eldiariodesanpedro.com.ar\/sitio\/wp-content\/uploads\/2022\/07\/WhatsApp-Image-2022-07-21-at-9.25.30-PM.jpeg\" alt=\"\" class=\"wp-image-109032 lazyload\" data-srcset=\"https:\/\/eldiariodesanpedro.com.ar\/sitio\/wp-content\/uploads\/2022\/07\/WhatsApp-Image-2022-07-21-at-9.25.30-PM.jpeg 925w, https:\/\/eldiariodesanpedro.com.ar\/sitio\/wp-content\/uploads\/2022\/07\/WhatsApp-Image-2022-07-21-at-9.25.30-PM-300x204.jpeg 300w, https:\/\/eldiariodesanpedro.com.ar\/sitio\/wp-content\/uploads\/2022\/07\/WhatsApp-Image-2022-07-21-at-9.25.30-PM-768x523.jpeg 768w\" data-sizes=\"(max-width: 925px) 100vw, 925px\" src=\"data:image\/svg+xml;base64,PHN2ZyB3aWR0aD0iMSIgaGVpZ2h0PSIxIiB4bWxucz0iaHR0cDovL3d3dy53My5vcmcvMjAwMC9zdmciPjwvc3ZnPg==\" style=\"--smush-placeholder-width: 925px; --smush-placeholder-aspect-ratio: 925\/630;\" \/><\/figure>\n\n\n\n<figure class=\"wp-block-image size-full\"><img decoding=\"async\" width=\"617\" height=\"630\" data-attachment-id=\"109030\" data-permalink=\"https:\/\/eldiariodesanpedro.com.ar\/sitio\/la-ampliacion-de-la-termoelectrica-generara-entre-400-y-600-puestos-de-trabajo\/whatsapp-image-2022-07-21-at-9-25-27-pm\/\" data-orig-file=\"https:\/\/eldiariodesanpedro.com.ar\/sitio\/wp-content\/uploads\/2022\/07\/WhatsApp-Image-2022-07-21-at-9.25.27-PM.jpeg\" data-orig-size=\"617,630\" data-comments-opened=\"0\" data-image-meta=\"{&quot;aperture&quot;:&quot;0&quot;,&quot;credit&quot;:&quot;&quot;,&quot;camera&quot;:&quot;&quot;,&quot;caption&quot;:&quot;&quot;,&quot;created_timestamp&quot;:&quot;0&quot;,&quot;copyright&quot;:&quot;&quot;,&quot;focal_length&quot;:&quot;0&quot;,&quot;iso&quot;:&quot;0&quot;,&quot;shutter_speed&quot;:&quot;0&quot;,&quot;title&quot;:&quot;&quot;,&quot;orientation&quot;:&quot;0&quot;}\" data-image-title=\"WhatsApp Image 2022-07-21 at 9.25.27 PM\" data-image-description=\"\" data-image-caption=\"\" data-large-file=\"https:\/\/eldiariodesanpedro.com.ar\/sitio\/wp-content\/uploads\/2022\/07\/WhatsApp-Image-2022-07-21-at-9.25.27-PM.jpeg\" data-src=\"https:\/\/eldiariodesanpedro.com.ar\/sitio\/wp-content\/uploads\/2022\/07\/WhatsApp-Image-2022-07-21-at-9.25.27-PM.jpeg\" alt=\"\" class=\"wp-image-109030 lazyload\" data-srcset=\"https:\/\/eldiariodesanpedro.com.ar\/sitio\/wp-content\/uploads\/2022\/07\/WhatsApp-Image-2022-07-21-at-9.25.27-PM.jpeg 617w, https:\/\/eldiariodesanpedro.com.ar\/sitio\/wp-content\/uploads\/2022\/07\/WhatsApp-Image-2022-07-21-at-9.25.27-PM-294x300.jpeg 294w\" data-sizes=\"(max-width: 617px) 100vw, 617px\" src=\"data:image\/svg+xml;base64,PHN2ZyB3aWR0aD0iMSIgaGVpZ2h0PSIxIiB4bWxucz0iaHR0cDovL3d3dy53My5vcmcvMjAwMC9zdmciPjwvc3ZnPg==\" style=\"--smush-placeholder-width: 617px; --smush-placeholder-aspect-ratio: 617\/630;\" \/><\/figure>\n\n\n\n<figure class=\"wp-block-image size-full\"><img decoding=\"async\" width=\"420\" height=\"630\" data-attachment-id=\"109033\" data-permalink=\"https:\/\/eldiariodesanpedro.com.ar\/sitio\/la-ampliacion-de-la-termoelectrica-generara-entre-400-y-600-puestos-de-trabajo\/whatsapp-image-2022-07-21-at-9-25-29-pm-1\/\" data-orig-file=\"https:\/\/eldiariodesanpedro.com.ar\/sitio\/wp-content\/uploads\/2022\/07\/WhatsApp-Image-2022-07-21-at-9.25.29-PM-1.jpeg\" data-orig-size=\"420,630\" data-comments-opened=\"0\" data-image-meta=\"{&quot;aperture&quot;:&quot;0&quot;,&quot;credit&quot;:&quot;&quot;,&quot;camera&quot;:&quot;&quot;,&quot;caption&quot;:&quot;&quot;,&quot;created_timestamp&quot;:&quot;0&quot;,&quot;copyright&quot;:&quot;&quot;,&quot;focal_length&quot;:&quot;0&quot;,&quot;iso&quot;:&quot;0&quot;,&quot;shutter_speed&quot;:&quot;0&quot;,&quot;title&quot;:&quot;&quot;,&quot;orientation&quot;:&quot;0&quot;}\" data-image-title=\"WhatsApp Image 2022-07-21 at 9.25.29 PM (1)\" data-image-description=\"\" data-image-caption=\"\" data-large-file=\"https:\/\/eldiariodesanpedro.com.ar\/sitio\/wp-content\/uploads\/2022\/07\/WhatsApp-Image-2022-07-21-at-9.25.29-PM-1.jpeg\" data-src=\"https:\/\/eldiariodesanpedro.com.ar\/sitio\/wp-content\/uploads\/2022\/07\/WhatsApp-Image-2022-07-21-at-9.25.29-PM-1.jpeg\" alt=\"\" class=\"wp-image-109033 lazyload\" data-srcset=\"https:\/\/eldiariodesanpedro.com.ar\/sitio\/wp-content\/uploads\/2022\/07\/WhatsApp-Image-2022-07-21-at-9.25.29-PM-1.jpeg 420w, https:\/\/eldiariodesanpedro.com.ar\/sitio\/wp-content\/uploads\/2022\/07\/WhatsApp-Image-2022-07-21-at-9.25.29-PM-1-200x300.jpeg 200w\" data-sizes=\"(max-width: 420px) 100vw, 420px\" src=\"data:image\/svg+xml;base64,PHN2ZyB3aWR0aD0iMSIgaGVpZ2h0PSIxIiB4bWxucz0iaHR0cDovL3d3dy53My5vcmcvMjAwMC9zdmciPjwvc3ZnPg==\" style=\"--smush-placeholder-width: 420px; --smush-placeholder-aspect-ratio: 420\/630;\" \/><\/figure>\n","protected":false},"excerpt":{"rendered":"<p>Luego de un primer encuentro a mediados de abril entre el Intendente Municipal, Ram\u00f3n Salazar y el Director de Energ\u00eda de la Central, Ricardo Bernengo, donde se manifest\u00f3 la posibilidad de que la empresa invierta en sus plantas, el Jefe Comunal puso a disposici\u00f3n lo que se necesite desde el municipio para que esta obra [&hellip;]<\/p>\n","protected":false},"author":4,"featured_media":109031,"comment_status":"closed","ping_status":"closed","sticky":false,"template":"","format":"standard","meta":{"om_disable_all_campaigns":false,"_jetpack_memberships_contains_paid_content":false,"footnotes":""},"categories":[50,101,2],"tags":[197,696,33,19],"class_list":["post-109029","post","type-post","status-publish","format-standard","has-post-thumbnail","hentry","category-destacadas","category-interes-general-locales","category-locales","tag-buenos-aires","tag-interes-general","tag-locales","tag-san-pedro"],"aioseo_notices":[],"gutentor_comment":0,"jetpack_featured_media_url":"https:\/\/eldiariodesanpedro.com.ar\/sitio\/wp-content\/uploads\/2022\/07\/WhatsApp-Image-2022-07-21-at-9.25.29-PM.jpeg","jetpack_shortlink":"https:\/\/wp.me\/p6RhLt-smx","jetpack_sharing_enabled":true,"_links":{"self":[{"href":"https:\/\/eldiariodesanpedro.com.ar\/sitio\/wp-json\/wp\/v2\/posts\/109029","targetHints":{"allow":["GET"]}}],"collection":[{"href":"https:\/\/eldiariodesanpedro.com.ar\/sitio\/wp-json\/wp\/v2\/posts"}],"about":[{"href":"https:\/\/eldiariodesanpedro.com.ar\/sitio\/wp-json\/wp\/v2\/types\/post"}],"author":[{"embeddable":true,"href":"https:\/\/eldiariodesanpedro.com.ar\/sitio\/wp-json\/wp\/v2\/users\/4"}],"replies":[{"embeddable":true,"href":"https:\/\/eldiariodesanpedro.com.ar\/sitio\/wp-json\/wp\/v2\/comments?post=109029"}],"version-history":[{"count":1,"href":"https:\/\/eldiariodesanpedro.com.ar\/sitio\/wp-json\/wp\/v2\/posts\/109029\/revisions"}],"predecessor-version":[{"id":109034,"href":"https:\/\/eldiariodesanpedro.com.ar\/sitio\/wp-json\/wp\/v2\/posts\/109029\/revisions\/109034"}],"wp:featuredmedia":[{"embeddable":true,"href":"https:\/\/eldiariodesanpedro.com.ar\/sitio\/wp-json\/wp\/v2\/media\/109031"}],"wp:attachment":[{"href":"https:\/\/eldiariodesanpedro.com.ar\/sitio\/wp-json\/wp\/v2\/media?parent=109029"}],"wp:term":[{"taxonomy":"category","embeddable":true,"href":"https:\/\/eldiariodesanpedro.com.ar\/sitio\/wp-json\/wp\/v2\/categories?post=109029"},{"taxonomy":"post_tag","embeddable":true,"href":"https:\/\/eldiariodesanpedro.com.ar\/sitio\/wp-json\/wp\/v2\/tags?post=109029"}],"curies":[{"name":"wp","href":"https:\/\/api.w.org\/{rel}","templated":true}]}}