{"id":109025,"date":"2022-07-21T19:37:56","date_gmt":"2022-07-21T22:37:56","guid":{"rendered":"https:\/\/eldiariodesanpedro.com.ar\/sitio\/?p=109025"},"modified":"2022-07-21T19:37:57","modified_gmt":"2022-07-21T22:37:57","slug":"patricia-bullrich-visito-san-pedro-recorrio-la-zona-centrica-dialogo-con-comerciantes-y-realizo-una-conferencia-de-prensa-2","status":"publish","type":"post","link":"https:\/\/eldiariodesanpedro.com.ar\/sitio\/patricia-bullrich-visito-san-pedro-recorrio-la-zona-centrica-dialogo-con-comerciantes-y-realizo-una-conferencia-de-prensa-2\/","title":{"rendered":"Patricia Bullrich visit\u00f3 San Pedro, recorri\u00f3 la zona c\u00e9ntrica, dialogo con comerciantes y realizo una conferencia de prensa"},"content":{"rendered":"<!-- VideographyWP Plugin Message: Automatic video embedding prevented by plugin options. -->\n\n<p>Como estaba previsto este jueves en horas de la tarde visit\u00f3 San Pedro  realizo una recorrida por los negocios de la zona c\u00e9ntrica y hablo con empleados y transe\u00fantes.<\/p>\n\n\n\n<p>Luego se acerco hasta el reconocido Bar Butti donde frente a una gran cantidad de espectadores y correligionarios realizo una conferencia de prensa.<\/p>\n\n\n\n<p>Estuvo acompa\u00f1ado por el intendente de Capit\u00e1n Sarmiento <strong>Javier Iguacel<\/strong> y con el representante a nivel local Diego Lafalce.<\/p>\n\n\n\n<iframe data-src=\"https:\/\/www.facebook.com\/plugins\/video.php?height=314&amp;href=https%3A%2F%2Fwww.facebook.com%2Fdiariosp2%2Fvideos%2F756476715670812%2F&amp;show_text=false&amp;width=560&amp;t=0\" width=\"560\" height=\"314\" style=\"border:none;overflow:hidden\" scrolling=\"no\" frameborder=\"0\" allowfullscreen=\"true\" allow=\"autoplay; clipboard-write; encrypted-media; picture-in-picture; web-share\" src=\"data:image\/svg+xml;base64,PHN2ZyB3aWR0aD0iMSIgaGVpZ2h0PSIxIiB4bWxucz0iaHR0cDovL3d3dy53My5vcmcvMjAwMC9zdmciPjwvc3ZnPg==\" class=\"lazyload\" data-load-mode=\"1\"><\/iframe>\n\n\n\n<iframe data-src=\"https:\/\/www.facebook.com\/plugins\/post.php?href=https%3A%2F%2Fwww.facebook.com%2Fdiariosp2%2Fposts%2Fpfbid025tvsQQcvPm3rG8Cq7weQf8WumV1EV5gqDEvRtxkWZ3rii6UGH6H4yZJ2ZuosonTtl&amp;show_text=true&amp;width=500\" width=\"500\" height=\"665\" style=\"border:none;overflow:hidden\" scrolling=\"no\" frameborder=\"0\" allowfullscreen=\"true\" allow=\"autoplay; clipboard-write; encrypted-media; picture-in-picture; web-share\" src=\"data:image\/svg+xml;base64,PHN2ZyB3aWR0aD0iMSIgaGVpZ2h0PSIxIiB4bWxucz0iaHR0cDovL3d3dy53My5vcmcvMjAwMC9zdmciPjwvc3ZnPg==\" class=\"lazyload\" data-load-mode=\"1\"><\/iframe>\n","protected":false},"excerpt":{"rendered":"<p>Como estaba previsto este jueves en horas de la tarde visit\u00f3 San Pedro realizo una recorrida por los negocios de la zona c\u00e9ntrica y hablo con empleados y transe\u00fantes. Luego se acerco hasta el reconocido Bar Butti donde frente a una gran cantidad de espectadores y correligionarios realizo una conferencia de prensa. Estuvo acompa\u00f1ado por [&hellip;]<\/p>\n","protected":false},"author":4,"featured_media":109027,"comment_status":"closed","ping_status":"closed","sticky":false,"template":"","format":"standard","meta":{"om_disable_all_campaigns":false,"_jetpack_memberships_contains_paid_content":false,"footnotes":""},"categories":[50,101,2],"tags":[],"class_list":["post-109025","post","type-post","status-publish","format-standard","has-post-thumbnail","hentry","category-destacadas","category-interes-general-locales","category-locales"],"aioseo_notices":[],"gutentor_comment":0,"jetpack_featured_media_url":"https:\/\/eldiariodesanpedro.com.ar\/sitio\/wp-content\/uploads\/2022\/07\/20220721_174911.jpg","jetpack_shortlink":"https:\/\/wp.me\/p6RhLt-smt","jetpack_sharing_enabled":true,"_links":{"self":[{"href":"https:\/\/eldiariodesanpedro.com.ar\/sitio\/wp-json\/wp\/v2\/posts\/109025","targetHints":{"allow":["GET"]}}],"collection":[{"href":"https:\/\/eldiariodesanpedro.com.ar\/sitio\/wp-json\/wp\/v2\/posts"}],"about":[{"href":"https:\/\/eldiariodesanpedro.com.ar\/sitio\/wp-json\/wp\/v2\/types\/post"}],"author":[{"embeddable":true,"href":"https:\/\/eldiariodesanpedro.com.ar\/sitio\/wp-json\/wp\/v2\/users\/4"}],"replies":[{"embeddable":true,"href":"https:\/\/eldiariodesanpedro.com.ar\/sitio\/wp-json\/wp\/v2\/comments?post=109025"}],"version-history":[{"count":1,"href":"https:\/\/eldiariodesanpedro.com.ar\/sitio\/wp-json\/wp\/v2\/posts\/109025\/revisions"}],"predecessor-version":[{"id":109028,"href":"https:\/\/eldiariodesanpedro.com.ar\/sitio\/wp-json\/wp\/v2\/posts\/109025\/revisions\/109028"}],"wp:featuredmedia":[{"embeddable":true,"href":"https:\/\/eldiariodesanpedro.com.ar\/sitio\/wp-json\/wp\/v2\/media\/109027"}],"wp:attachment":[{"href":"https:\/\/eldiariodesanpedro.com.ar\/sitio\/wp-json\/wp\/v2\/media?parent=109025"}],"wp:term":[{"taxonomy":"category","embeddable":true,"href":"https:\/\/eldiariodesanpedro.com.ar\/sitio\/wp-json\/wp\/v2\/categories?post=109025"},{"taxonomy":"post_tag","embeddable":true,"href":"https:\/\/eldiariodesanpedro.com.ar\/sitio\/wp-json\/wp\/v2\/tags?post=109025"}],"curies":[{"name":"wp","href":"https:\/\/api.w.org\/{rel}","templated":true}]}}