{"id":109020,"date":"2022-07-21T16:34:41","date_gmt":"2022-07-21T19:34:41","guid":{"rendered":"https:\/\/eldiariodesanpedro.com.ar\/sitio\/?p=109020"},"modified":"2022-07-21T16:34:42","modified_gmt":"2022-07-21T19:34:42","slug":"dos-mujeres-fueron-aprehendidas-tras-robar-una-botella-de-gancia-en-un-autoservicio","status":"publish","type":"post","link":"https:\/\/eldiariodesanpedro.com.ar\/sitio\/dos-mujeres-fueron-aprehendidas-tras-robar-una-botella-de-gancia-en-un-autoservicio\/","title":{"rendered":"Dos mujeres fueron aprehendidas tras robar una botella de Gancia en un autoservicio"},"content":{"rendered":"<!-- VideographyWP Plugin Message: Automatic video embedding prevented by plugin options. -->\n\n<p>En la jornada de ayer en horas de la noche la polic\u00eda intervino en un hecho de hurto ocurrido en un autoservicio ubicado en cercan\u00edas de la nueva terminal.<\/p>\n\n\n\n<p>El hecho ocurri\u00f3 alrededor de las 20:30 hs en el comercio ubicado en calle Lucio Mansilla y Miguel Porta desde donde tres j\u00f3venes mujeres trans&nbsp; ingresaron a comprar y terminaron llev\u00e1ndose bebidas alcoh\u00f3licas d\u00e1ndose a la fuga.<\/p>\n\n\n\n<p>Dos de ellas de 16 y 27 a\u00f1os de edad fueron interceptadas por el m\u00f3vil policial en la esquina de 11 de Septiembre y Alvandea, y la restante se dio a la fuga por otro lugar.<\/p>\n\n\n\n<p>Lo \u00fanico que hab\u00edan logrado llevarse era una botella de la marca Gancia.<\/p>\n\n\n\n<p>Intervino la fiscal\u00eda juvenil de San Nicol\u00e1s disponiendo recaudos legales imputadas del delito de menci\u00f3n, la tercera implicada no se pudo identificar.&nbsp;<\/p>\n\n\n\n<p>El comerciante radic\u00f3 la denuncia y recuper\u00f3 la bebida secuestrada.<\/p>\n\n\n\n<iframe data-src=\"https:\/\/www.facebook.com\/plugins\/video.php?height=314&#038;href=https%3A%2F%2Fwww.facebook.com%2Fdiariosp2%2Fvideos%2F569255951359256%2F&#038;show_text=false&#038;width=560&#038;t=0\" width=\"560\" height=\"314\" style=\"border:none;overflow:hidden\" scrolling=\"no\" frameborder=\"0\" allowfullscreen=\"true\" allow=\"autoplay; clipboard-write; encrypted-media; picture-in-picture; web-share\" allowFullScreen=\"true\" src=\"data:image\/svg+xml;base64,PHN2ZyB3aWR0aD0iMSIgaGVpZ2h0PSIxIiB4bWxucz0iaHR0cDovL3d3dy53My5vcmcvMjAwMC9zdmciPjwvc3ZnPg==\" class=\"lazyload\" data-load-mode=\"1\"><\/iframe>\n","protected":false},"excerpt":{"rendered":"<p>En la jornada de ayer en horas de la noche la polic\u00eda intervino en un hecho de hurto ocurrido en un autoservicio ubicado en cercan\u00edas de la nueva terminal. El hecho ocurri\u00f3 alrededor de las 20:30 hs en el comercio ubicado en calle Lucio Mansilla y Miguel Porta desde donde tres j\u00f3venes mujeres trans&nbsp; ingresaron [&hellip;]<\/p>\n","protected":false},"author":4,"featured_media":109021,"comment_status":"closed","ping_status":"closed","sticky":false,"template":"","format":"standard","meta":{"om_disable_all_campaigns":false,"_jetpack_memberships_contains_paid_content":false,"footnotes":""},"categories":[50,2,103],"tags":[197,33,95,19],"class_list":["post-109020","post","type-post","status-publish","format-standard","has-post-thumbnail","hentry","category-destacadas","category-locales","category-policiales-locales","tag-buenos-aires","tag-locales","tag-policiales","tag-san-pedro"],"aioseo_notices":[],"gutentor_comment":0,"jetpack_featured_media_url":"https:\/\/eldiariodesanpedro.com.ar\/sitio\/wp-content\/uploads\/2022\/07\/WhatsApp-Image-2022-07-20-at-8.51.25-PM.jpeg","jetpack_shortlink":"https:\/\/wp.me\/p6RhLt-smo","jetpack_sharing_enabled":true,"_links":{"self":[{"href":"https:\/\/eldiariodesanpedro.com.ar\/sitio\/wp-json\/wp\/v2\/posts\/109020","targetHints":{"allow":["GET"]}}],"collection":[{"href":"https:\/\/eldiariodesanpedro.com.ar\/sitio\/wp-json\/wp\/v2\/posts"}],"about":[{"href":"https:\/\/eldiariodesanpedro.com.ar\/sitio\/wp-json\/wp\/v2\/types\/post"}],"author":[{"embeddable":true,"href":"https:\/\/eldiariodesanpedro.com.ar\/sitio\/wp-json\/wp\/v2\/users\/4"}],"replies":[{"embeddable":true,"href":"https:\/\/eldiariodesanpedro.com.ar\/sitio\/wp-json\/wp\/v2\/comments?post=109020"}],"version-history":[{"count":1,"href":"https:\/\/eldiariodesanpedro.com.ar\/sitio\/wp-json\/wp\/v2\/posts\/109020\/revisions"}],"predecessor-version":[{"id":109022,"href":"https:\/\/eldiariodesanpedro.com.ar\/sitio\/wp-json\/wp\/v2\/posts\/109020\/revisions\/109022"}],"wp:featuredmedia":[{"embeddable":true,"href":"https:\/\/eldiariodesanpedro.com.ar\/sitio\/wp-json\/wp\/v2\/media\/109021"}],"wp:attachment":[{"href":"https:\/\/eldiariodesanpedro.com.ar\/sitio\/wp-json\/wp\/v2\/media?parent=109020"}],"wp:term":[{"taxonomy":"category","embeddable":true,"href":"https:\/\/eldiariodesanpedro.com.ar\/sitio\/wp-json\/wp\/v2\/categories?post=109020"},{"taxonomy":"post_tag","embeddable":true,"href":"https:\/\/eldiariodesanpedro.com.ar\/sitio\/wp-json\/wp\/v2\/tags?post=109020"}],"curies":[{"name":"wp","href":"https:\/\/api.w.org\/{rel}","templated":true}]}}