{"id":109013,"date":"2022-07-21T15:42:31","date_gmt":"2022-07-21T18:42:31","guid":{"rendered":"https:\/\/eldiariodesanpedro.com.ar\/sitio\/?p=109013"},"modified":"2022-07-21T15:42:31","modified_gmt":"2022-07-21T18:42:31","slug":"se-recuperaron-varios-articulos-robados-en-un-comercio","status":"publish","type":"post","link":"https:\/\/eldiariodesanpedro.com.ar\/sitio\/se-recuperaron-varios-articulos-robados-en-un-comercio\/","title":{"rendered":"Se recuperaron varios art\u00edculos robados en un comercio"},"content":{"rendered":"<!-- VideographyWP Plugin Message: Automatic video embedding prevented by plugin options. -->\n\n<p>En las primeras horas de la ma\u00f1ana de ayer, el personal policial de la comisar\u00eda local&nbsp; en recorrida y alertados, procedi\u00f3 al hallazgo y secuestro de efectos robados, que fueron dejados abandonados en un cantero de vivienda ubicada en 25 de Mayo al 2300.&nbsp;<\/p>\n\n\n\n<p>Se trataba de dos balanzas electr\u00f3nicas, que fueron sustra\u00eddas al interior del comercio ubicado en calle Mitre 2300 propiedad de una mujer de 42 a\u00f1os la cual se hallaba cerrado al p\u00fablico y en ausencia de moradores, tras violentar abertura.<\/p>\n\n\n\n<p>La comerciante radic\u00f3 la denuncia y recuper\u00f3 los efectos secuestrados.<\/p>\n\n\n\n<p>El hecho se investiga con el fin de dar con la autor\u00eda del il\u00edcito, ya que del lugar adem\u00e1s se constat\u00f3 el faltante de mercader\u00eda<\/p>\n\n\n\n<p>La Polic\u00eda Cient\u00edfica practic\u00f3 las pericias correspondientes sobre los efectos hallados, en b\u00fasqueda de rastros, que ser\u00e1n informados una vez culminadas las mismas.&nbsp;<\/p>\n\n\n\n<p>Tramita la fiscal\u00eda local en turno.<\/p>\n","protected":false},"excerpt":{"rendered":"<p>En las primeras horas de la ma\u00f1ana de ayer, el personal policial de la comisar\u00eda local&nbsp; en recorrida y alertados, procedi\u00f3 al hallazgo y secuestro de efectos robados, que fueron dejados abandonados en un cantero de vivienda ubicada en 25 de Mayo al 2300.&nbsp; Se trataba de dos balanzas electr\u00f3nicas, que fueron sustra\u00eddas al interior [&hellip;]<\/p>\n","protected":false},"author":4,"featured_media":109014,"comment_status":"closed","ping_status":"closed","sticky":false,"template":"","format":"standard","meta":{"om_disable_all_campaigns":false,"_jetpack_memberships_contains_paid_content":false,"footnotes":""},"categories":[50,2,103],"tags":[197,33,95,19],"class_list":["post-109013","post","type-post","status-publish","format-standard","has-post-thumbnail","hentry","category-destacadas","category-locales","category-policiales-locales","tag-buenos-aires","tag-locales","tag-policiales","tag-san-pedro"],"aioseo_notices":[],"gutentor_comment":0,"jetpack_featured_media_url":"https:\/\/eldiariodesanpedro.com.ar\/sitio\/wp-content\/uploads\/2022\/07\/WhatsApp-Image-2022-07-21-at-10.39.58-AM.jpeg","jetpack_shortlink":"https:\/\/wp.me\/p6RhLt-smh","jetpack_sharing_enabled":true,"_links":{"self":[{"href":"https:\/\/eldiariodesanpedro.com.ar\/sitio\/wp-json\/wp\/v2\/posts\/109013","targetHints":{"allow":["GET"]}}],"collection":[{"href":"https:\/\/eldiariodesanpedro.com.ar\/sitio\/wp-json\/wp\/v2\/posts"}],"about":[{"href":"https:\/\/eldiariodesanpedro.com.ar\/sitio\/wp-json\/wp\/v2\/types\/post"}],"author":[{"embeddable":true,"href":"https:\/\/eldiariodesanpedro.com.ar\/sitio\/wp-json\/wp\/v2\/users\/4"}],"replies":[{"embeddable":true,"href":"https:\/\/eldiariodesanpedro.com.ar\/sitio\/wp-json\/wp\/v2\/comments?post=109013"}],"version-history":[{"count":1,"href":"https:\/\/eldiariodesanpedro.com.ar\/sitio\/wp-json\/wp\/v2\/posts\/109013\/revisions"}],"predecessor-version":[{"id":109015,"href":"https:\/\/eldiariodesanpedro.com.ar\/sitio\/wp-json\/wp\/v2\/posts\/109013\/revisions\/109015"}],"wp:featuredmedia":[{"embeddable":true,"href":"https:\/\/eldiariodesanpedro.com.ar\/sitio\/wp-json\/wp\/v2\/media\/109014"}],"wp:attachment":[{"href":"https:\/\/eldiariodesanpedro.com.ar\/sitio\/wp-json\/wp\/v2\/media?parent=109013"}],"wp:term":[{"taxonomy":"category","embeddable":true,"href":"https:\/\/eldiariodesanpedro.com.ar\/sitio\/wp-json\/wp\/v2\/categories?post=109013"},{"taxonomy":"post_tag","embeddable":true,"href":"https:\/\/eldiariodesanpedro.com.ar\/sitio\/wp-json\/wp\/v2\/tags?post=109013"}],"curies":[{"name":"wp","href":"https:\/\/api.w.org\/{rel}","templated":true}]}}