{"id":109010,"date":"2022-07-21T15:03:36","date_gmt":"2022-07-21T18:03:36","guid":{"rendered":"https:\/\/eldiariodesanpedro.com.ar\/sitio\/?p=109010"},"modified":"2022-07-21T15:03:36","modified_gmt":"2022-07-21T18:03:36","slug":"choque-entre-una-camioneta-y-una-motocicleta-con-una-joven-herida","status":"publish","type":"post","link":"https:\/\/eldiariodesanpedro.com.ar\/sitio\/choque-entre-una-camioneta-y-una-motocicleta-con-una-joven-herida\/","title":{"rendered":"Choque entre una camioneta y una motocicleta con una joven herida"},"content":{"rendered":"<!-- VideographyWP Plugin Message: Automatic video embedding prevented by plugin options. -->\n\n<p>En el d\u00eda de ayer en horas de la ma\u00f1ana personal policial acude calle Alvarado y Miguel Porta donde por razones que se tratan de establecer, colision\u00f3 autom\u00f3vil conducido por femenina 38 contra una motocicleta 150 cc guiada por femenina 25.&nbsp;<\/p>\n\n\n\n<p>Como consecuencia esta \u00faltima fue trasladada al hospital local presentando lesiones de car\u00e1cter leves salvo complicaciones.&nbsp;<\/p>\n\n\n\n<p>La polic\u00eda cient\u00edfica realiz\u00f3 pericias rigor .<\/p>\n","protected":false},"excerpt":{"rendered":"<p>En el d\u00eda de ayer en horas de la ma\u00f1ana personal policial acude calle Alvarado y Miguel Porta donde por razones que se tratan de establecer, colision\u00f3 autom\u00f3vil conducido por femenina 38 contra una motocicleta 150 cc guiada por femenina 25.&nbsp; Como consecuencia esta \u00faltima fue trasladada al hospital local presentando lesiones de car\u00e1cter leves [&hellip;]<\/p>\n","protected":false},"author":4,"featured_media":109011,"comment_status":"closed","ping_status":"closed","sticky":false,"template":"","format":"standard","meta":{"om_disable_all_campaigns":false,"_jetpack_memberships_contains_paid_content":false,"footnotes":""},"categories":[2,103],"tags":[197,33,95,19],"class_list":["post-109010","post","type-post","status-publish","format-standard","has-post-thumbnail","hentry","category-locales","category-policiales-locales","tag-buenos-aires","tag-locales","tag-policiales","tag-san-pedro"],"aioseo_notices":[],"gutentor_comment":0,"jetpack_featured_media_url":"https:\/\/eldiariodesanpedro.com.ar\/sitio\/wp-content\/uploads\/2022\/07\/WhatsApp-Image-2022-07-20-at-10.32.50-AM.jpeg","jetpack_shortlink":"https:\/\/wp.me\/p6RhLt-sme","jetpack_sharing_enabled":true,"_links":{"self":[{"href":"https:\/\/eldiariodesanpedro.com.ar\/sitio\/wp-json\/wp\/v2\/posts\/109010","targetHints":{"allow":["GET"]}}],"collection":[{"href":"https:\/\/eldiariodesanpedro.com.ar\/sitio\/wp-json\/wp\/v2\/posts"}],"about":[{"href":"https:\/\/eldiariodesanpedro.com.ar\/sitio\/wp-json\/wp\/v2\/types\/post"}],"author":[{"embeddable":true,"href":"https:\/\/eldiariodesanpedro.com.ar\/sitio\/wp-json\/wp\/v2\/users\/4"}],"replies":[{"embeddable":true,"href":"https:\/\/eldiariodesanpedro.com.ar\/sitio\/wp-json\/wp\/v2\/comments?post=109010"}],"version-history":[{"count":1,"href":"https:\/\/eldiariodesanpedro.com.ar\/sitio\/wp-json\/wp\/v2\/posts\/109010\/revisions"}],"predecessor-version":[{"id":109012,"href":"https:\/\/eldiariodesanpedro.com.ar\/sitio\/wp-json\/wp\/v2\/posts\/109010\/revisions\/109012"}],"wp:featuredmedia":[{"embeddable":true,"href":"https:\/\/eldiariodesanpedro.com.ar\/sitio\/wp-json\/wp\/v2\/media\/109011"}],"wp:attachment":[{"href":"https:\/\/eldiariodesanpedro.com.ar\/sitio\/wp-json\/wp\/v2\/media?parent=109010"}],"wp:term":[{"taxonomy":"category","embeddable":true,"href":"https:\/\/eldiariodesanpedro.com.ar\/sitio\/wp-json\/wp\/v2\/categories?post=109010"},{"taxonomy":"post_tag","embeddable":true,"href":"https:\/\/eldiariodesanpedro.com.ar\/sitio\/wp-json\/wp\/v2\/tags?post=109010"}],"curies":[{"name":"wp","href":"https:\/\/api.w.org\/{rel}","templated":true}]}}