{"id":109008,"date":"2022-07-21T14:23:44","date_gmt":"2022-07-21T17:23:44","guid":{"rendered":"https:\/\/eldiariodesanpedro.com.ar\/sitio\/?p=109008"},"modified":"2022-07-21T14:23:44","modified_gmt":"2022-07-21T17:23:44","slug":"se-devolvieron-las-dos-bicicletas-secuestradas-el-dia-de-ayer-a-sus-correspondientes-duenos","status":"publish","type":"post","link":"https:\/\/eldiariodesanpedro.com.ar\/sitio\/se-devolvieron-las-dos-bicicletas-secuestradas-el-dia-de-ayer-a-sus-correspondientes-duenos\/","title":{"rendered":"Se devolvieron las dos bicicletas secuestradas el dia de ayer a sus correspondientes due\u00f1os"},"content":{"rendered":"<!-- VideographyWP Plugin Message: Automatic video embedding prevented by plugin options. -->\n\n<p>En relaci\u00f3n a las dos bicicletas secuestradas el martes en horas de la noche por la Polic\u00eda de la comisar\u00eda local, en poder de dos masculinos de 17 y 18 a\u00f1os de edad, y por las cuales se trataba de establecer su procedencia, se determin\u00f3 que una de las mismas hab\u00eda sido sustra\u00edda en el mes de Mayo del corriente a\u00f1o, en el marco de un hecho de hurto, del cual resultaba denunciante un ciudadano de 19 a\u00f1os y que ya hab\u00eda radicado la denuncia oportuna, tras reconocer su rodado y aportar la documentaci\u00f3n correspondiente le fue restituida la bicicleta.&nbsp;<\/p>\n\n\n\n<p>Respecto se estableci\u00f3 que hab\u00eda sido sustra\u00edda en la zona del Paseo P\u00fablico sin violencia, en momentos en que dej\u00f3 estacionada sin medidas de seguridad por un joven de 15 a\u00f1os. Tras la denuncia correspondiente recuper\u00f3 su bicicleta, respecto de los delincuentes de 17 y 18 a\u00f1os de edad, la fiscal\u00eda juvenil de San Nicol\u00e1s actuante, dispuso la notificaci\u00f3n por los delitos de hurtos reiterados, estando sometidos a proceso penal.<\/p>\n","protected":false},"excerpt":{"rendered":"<p>En relaci\u00f3n a las dos bicicletas secuestradas el martes en horas de la noche por la Polic\u00eda de la comisar\u00eda local, en poder de dos masculinos de 17 y 18 a\u00f1os de edad, y por las cuales se trataba de establecer su procedencia, se determin\u00f3 que una de las mismas hab\u00eda sido sustra\u00edda en el [&hellip;]<\/p>\n","protected":false},"author":4,"featured_media":108995,"comment_status":"closed","ping_status":"closed","sticky":false,"template":"","format":"standard","meta":{"om_disable_all_campaigns":false,"_jetpack_memberships_contains_paid_content":false,"footnotes":""},"categories":[50,2,103],"tags":[197,33,95,19],"class_list":["post-109008","post","type-post","status-publish","format-standard","has-post-thumbnail","hentry","category-destacadas","category-locales","category-policiales-locales","tag-buenos-aires","tag-locales","tag-policiales","tag-san-pedro"],"aioseo_notices":[],"gutentor_comment":0,"jetpack_featured_media_url":"https:\/\/eldiariodesanpedro.com.ar\/sitio\/wp-content\/uploads\/2022\/07\/Sin-titulo-2-2.jpg","jetpack_shortlink":"https:\/\/wp.me\/p6RhLt-smc","jetpack_sharing_enabled":true,"_links":{"self":[{"href":"https:\/\/eldiariodesanpedro.com.ar\/sitio\/wp-json\/wp\/v2\/posts\/109008","targetHints":{"allow":["GET"]}}],"collection":[{"href":"https:\/\/eldiariodesanpedro.com.ar\/sitio\/wp-json\/wp\/v2\/posts"}],"about":[{"href":"https:\/\/eldiariodesanpedro.com.ar\/sitio\/wp-json\/wp\/v2\/types\/post"}],"author":[{"embeddable":true,"href":"https:\/\/eldiariodesanpedro.com.ar\/sitio\/wp-json\/wp\/v2\/users\/4"}],"replies":[{"embeddable":true,"href":"https:\/\/eldiariodesanpedro.com.ar\/sitio\/wp-json\/wp\/v2\/comments?post=109008"}],"version-history":[{"count":1,"href":"https:\/\/eldiariodesanpedro.com.ar\/sitio\/wp-json\/wp\/v2\/posts\/109008\/revisions"}],"predecessor-version":[{"id":109009,"href":"https:\/\/eldiariodesanpedro.com.ar\/sitio\/wp-json\/wp\/v2\/posts\/109008\/revisions\/109009"}],"wp:featuredmedia":[{"embeddable":true,"href":"https:\/\/eldiariodesanpedro.com.ar\/sitio\/wp-json\/wp\/v2\/media\/108995"}],"wp:attachment":[{"href":"https:\/\/eldiariodesanpedro.com.ar\/sitio\/wp-json\/wp\/v2\/media?parent=109008"}],"wp:term":[{"taxonomy":"category","embeddable":true,"href":"https:\/\/eldiariodesanpedro.com.ar\/sitio\/wp-json\/wp\/v2\/categories?post=109008"},{"taxonomy":"post_tag","embeddable":true,"href":"https:\/\/eldiariodesanpedro.com.ar\/sitio\/wp-json\/wp\/v2\/tags?post=109008"}],"curies":[{"name":"wp","href":"https:\/\/api.w.org\/{rel}","templated":true}]}}