{"id":109005,"date":"2022-07-21T14:07:12","date_gmt":"2022-07-21T17:07:12","guid":{"rendered":"https:\/\/eldiariodesanpedro.com.ar\/sitio\/?p=109005"},"modified":"2022-07-21T14:07:12","modified_gmt":"2022-07-21T17:07:12","slug":"aprehenden-a-dos-delincuentes-sampedrinos-que-robaron-en-baradero","status":"publish","type":"post","link":"https:\/\/eldiariodesanpedro.com.ar\/sitio\/aprehenden-a-dos-delincuentes-sampedrinos-que-robaron-en-baradero\/","title":{"rendered":"Aprehenden a dos delincuentes sampedrinos que robaron en Baradero"},"content":{"rendered":"<!-- VideographyWP Plugin Message: Automatic video embedding prevented by plugin options. -->\n\n<p>En la tarde de este martes promediando las 15 hs, el personal del Destacamento de R\u00edo Tala y Patrulla Rural San Pedro, alertados de un hecho de robo en Baradero, colaboraron en la aprehensi\u00f3n de dos delincuentes una mujer de 35 y un masculino de 20 a\u00f1os, ambos oriundos de San Pedro, quienes fugaban de baradero, tras consumar robo de telefon\u00eda celular en esa ciudad.&nbsp;<\/p>\n\n\n\n<p>El procedimiento se dio en la ex ruta 9 km km 151 R\u00edo Tala en conjunto con la polic\u00eda de Baradero.&nbsp;<\/p>\n\n\n\n<p>Los delincuentes circulaban en una motocicleta que fue robada en San Pedro el pasado 3 de julio por un hecho de hurto con intervenci\u00f3n de la fiscal\u00eda local.&nbsp;<\/p>\n\n\n\n<p>Por disposici\u00f3n judicial, los aprehendidos junto al tel\u00e9fono recuperado coma si la motocicleta fueron trasladados a Baradero, donde intervino la fiscal\u00eda de esa ciudad en la sustanciaci\u00f3n de las actuaciones judiciales.<\/p>\n","protected":false},"excerpt":{"rendered":"<p>En la tarde de este martes promediando las 15 hs, el personal del Destacamento de R\u00edo Tala y Patrulla Rural San Pedro, alertados de un hecho de robo en Baradero, colaboraron en la aprehensi\u00f3n de dos delincuentes una mujer de 35 y un masculino de 20 a\u00f1os, ambos oriundos de San Pedro, quienes fugaban de [&hellip;]<\/p>\n","protected":false},"author":4,"featured_media":109006,"comment_status":"closed","ping_status":"closed","sticky":false,"template":"","format":"standard","meta":{"om_disable_all_campaigns":false,"_jetpack_memberships_contains_paid_content":false,"footnotes":""},"categories":[2,103],"tags":[197,33,95,19],"class_list":["post-109005","post","type-post","status-publish","format-standard","has-post-thumbnail","hentry","category-locales","category-policiales-locales","tag-buenos-aires","tag-locales","tag-policiales","tag-san-pedro"],"aioseo_notices":[],"gutentor_comment":0,"jetpack_featured_media_url":"https:\/\/eldiariodesanpedro.com.ar\/sitio\/wp-content\/uploads\/2022\/07\/medida-1.jpg","jetpack_shortlink":"https:\/\/wp.me\/p6RhLt-sm9","jetpack_sharing_enabled":true,"_links":{"self":[{"href":"https:\/\/eldiariodesanpedro.com.ar\/sitio\/wp-json\/wp\/v2\/posts\/109005","targetHints":{"allow":["GET"]}}],"collection":[{"href":"https:\/\/eldiariodesanpedro.com.ar\/sitio\/wp-json\/wp\/v2\/posts"}],"about":[{"href":"https:\/\/eldiariodesanpedro.com.ar\/sitio\/wp-json\/wp\/v2\/types\/post"}],"author":[{"embeddable":true,"href":"https:\/\/eldiariodesanpedro.com.ar\/sitio\/wp-json\/wp\/v2\/users\/4"}],"replies":[{"embeddable":true,"href":"https:\/\/eldiariodesanpedro.com.ar\/sitio\/wp-json\/wp\/v2\/comments?post=109005"}],"version-history":[{"count":1,"href":"https:\/\/eldiariodesanpedro.com.ar\/sitio\/wp-json\/wp\/v2\/posts\/109005\/revisions"}],"predecessor-version":[{"id":109007,"href":"https:\/\/eldiariodesanpedro.com.ar\/sitio\/wp-json\/wp\/v2\/posts\/109005\/revisions\/109007"}],"wp:featuredmedia":[{"embeddable":true,"href":"https:\/\/eldiariodesanpedro.com.ar\/sitio\/wp-json\/wp\/v2\/media\/109006"}],"wp:attachment":[{"href":"https:\/\/eldiariodesanpedro.com.ar\/sitio\/wp-json\/wp\/v2\/media?parent=109005"}],"wp:term":[{"taxonomy":"category","embeddable":true,"href":"https:\/\/eldiariodesanpedro.com.ar\/sitio\/wp-json\/wp\/v2\/categories?post=109005"},{"taxonomy":"post_tag","embeddable":true,"href":"https:\/\/eldiariodesanpedro.com.ar\/sitio\/wp-json\/wp\/v2\/tags?post=109005"}],"curies":[{"name":"wp","href":"https:\/\/api.w.org\/{rel}","templated":true}]}}