{"id":109003,"date":"2022-07-21T13:41:59","date_gmt":"2022-07-21T16:41:59","guid":{"rendered":"https:\/\/eldiariodesanpedro.com.ar\/sitio\/?p=109003"},"modified":"2022-07-21T13:41:59","modified_gmt":"2022-07-21T16:41:59","slug":"se-realizaron-allanamientos-con-resultados-negativos-en-busca-de-celulares-robados","status":"publish","type":"post","link":"https:\/\/eldiariodesanpedro.com.ar\/sitio\/se-realizaron-allanamientos-con-resultados-negativos-en-busca-de-celulares-robados\/","title":{"rendered":"Se realizaron allanamientos con resultados negativos en busca de celulares robados"},"content":{"rendered":"<!-- VideographyWP Plugin Message: Automatic video embedding prevented by plugin options. -->\n\n<p>En el marco de hechos recientes de arrebato de telefon\u00eda celular en v\u00eda p\u00fablica, el personal del gabinete criminol\u00f3gico de la comisar\u00eda, determin\u00f3&nbsp; la participaci\u00f3n de dos menores de 17 y 16 a\u00f1os de edad, por lo que se extendieron \u00f3rdenes de allanamiento por la justicia ordinaria, se procedi\u00f3 al secuestro en la tarde de ayer, en uno de los objetivos, de una motocicleta que ser\u00e1 motivo de reconocimiento por parte de las v\u00edctimas, y que ser\u00eda la utilizada por los delincuentes para la comisi\u00f3n de los hechos.&nbsp;<\/p>\n\n\n\n<p>Respecto a los tel\u00e9fonos celulares buscados, no fueron hallados, prosiguiendo con la labor investigativa.&nbsp;<\/p>\n\n\n\n<p>Los allanamientos se dieron en calle Cucit al 1500 y otro en Bozzano al 1500 ambos de esta ciudad.<\/p>\n","protected":false},"excerpt":{"rendered":"<p>En el marco de hechos recientes de arrebato de telefon\u00eda celular en v\u00eda p\u00fablica, el personal del gabinete criminol\u00f3gico de la comisar\u00eda, determin\u00f3&nbsp; la participaci\u00f3n de dos menores de 17 y 16 a\u00f1os de edad, por lo que se extendieron \u00f3rdenes de allanamiento por la justicia ordinaria, se procedi\u00f3 al secuestro en la tarde de [&hellip;]<\/p>\n","protected":false},"author":4,"featured_media":69499,"comment_status":"closed","ping_status":"closed","sticky":false,"template":"","format":"standard","meta":{"om_disable_all_campaigns":false,"_jetpack_memberships_contains_paid_content":false,"footnotes":""},"categories":[2,103],"tags":[197,33,95,19],"class_list":["post-109003","post","type-post","status-publish","format-standard","has-post-thumbnail","hentry","category-locales","category-policiales-locales","tag-buenos-aires","tag-locales","tag-policiales","tag-san-pedro"],"aioseo_notices":[],"gutentor_comment":0,"jetpack_featured_media_url":"https:\/\/eldiariodesanpedro.com.ar\/sitio\/wp-content\/uploads\/2020\/02\/img-20190409-wa0006.jpg","jetpack_shortlink":"https:\/\/wp.me\/p6RhLt-sm7","jetpack_sharing_enabled":true,"_links":{"self":[{"href":"https:\/\/eldiariodesanpedro.com.ar\/sitio\/wp-json\/wp\/v2\/posts\/109003","targetHints":{"allow":["GET"]}}],"collection":[{"href":"https:\/\/eldiariodesanpedro.com.ar\/sitio\/wp-json\/wp\/v2\/posts"}],"about":[{"href":"https:\/\/eldiariodesanpedro.com.ar\/sitio\/wp-json\/wp\/v2\/types\/post"}],"author":[{"embeddable":true,"href":"https:\/\/eldiariodesanpedro.com.ar\/sitio\/wp-json\/wp\/v2\/users\/4"}],"replies":[{"embeddable":true,"href":"https:\/\/eldiariodesanpedro.com.ar\/sitio\/wp-json\/wp\/v2\/comments?post=109003"}],"version-history":[{"count":1,"href":"https:\/\/eldiariodesanpedro.com.ar\/sitio\/wp-json\/wp\/v2\/posts\/109003\/revisions"}],"predecessor-version":[{"id":109004,"href":"https:\/\/eldiariodesanpedro.com.ar\/sitio\/wp-json\/wp\/v2\/posts\/109003\/revisions\/109004"}],"wp:featuredmedia":[{"embeddable":true,"href":"https:\/\/eldiariodesanpedro.com.ar\/sitio\/wp-json\/wp\/v2\/media\/69499"}],"wp:attachment":[{"href":"https:\/\/eldiariodesanpedro.com.ar\/sitio\/wp-json\/wp\/v2\/media?parent=109003"}],"wp:term":[{"taxonomy":"category","embeddable":true,"href":"https:\/\/eldiariodesanpedro.com.ar\/sitio\/wp-json\/wp\/v2\/categories?post=109003"},{"taxonomy":"post_tag","embeddable":true,"href":"https:\/\/eldiariodesanpedro.com.ar\/sitio\/wp-json\/wp\/v2\/tags?post=109003"}],"curies":[{"name":"wp","href":"https:\/\/api.w.org\/{rel}","templated":true}]}}