{"id":109001,"date":"2022-07-21T13:37:47","date_gmt":"2022-07-21T16:37:47","guid":{"rendered":"https:\/\/eldiariodesanpedro.com.ar\/sitio\/?p=109001"},"modified":"2022-07-21T13:37:48","modified_gmt":"2022-07-21T16:37:48","slug":"una-persona-estafada-cuando-vendio-su-telefono-por-redes-sociales","status":"publish","type":"post","link":"https:\/\/eldiariodesanpedro.com.ar\/sitio\/una-persona-estafada-cuando-vendio-su-telefono-por-redes-sociales\/","title":{"rendered":"Una persona estafada cuando vendi\u00f3 su tel\u00e9fono por redes sociales"},"content":{"rendered":"<!-- VideographyWP Plugin Message: Automatic video embedding prevented by plugin options. -->\n\n<p>En la jornada de&nbsp; ayer denunci\u00f3&nbsp; un ciudadano de 32 a\u00f1os, quien fue estafado en una venta de tel\u00e9fono celular que realiz\u00f3 a trav\u00e9s de redes sociales.&nbsp;<\/p>\n\n\n\n<p>Un supuesto comprador de su tel\u00e9fono le exhibi\u00f3 tickets bancarios que simulaban la transferencia de dinero acordado, por lo que enga\u00f1ado en su buena fe envi\u00f3 el tel\u00e9fono al supuesto comprador, percat\u00e1ndose luego que no recibi\u00f3 el pago, desconociendo a ese comprador quien al parecer utilizaba perfil falso.&nbsp;<\/p>\n\n\n\n<p>Investiga la fiscal\u00eda local de turno.<\/p>\n","protected":false},"excerpt":{"rendered":"<p>En la jornada de&nbsp; ayer denunci\u00f3&nbsp; un ciudadano de 32 a\u00f1os, quien fue estafado en una venta de tel\u00e9fono celular que realiz\u00f3 a trav\u00e9s de redes sociales.&nbsp; Un supuesto comprador de su tel\u00e9fono le exhibi\u00f3 tickets bancarios que simulaban la transferencia de dinero acordado, por lo que enga\u00f1ado en su buena fe envi\u00f3 el tel\u00e9fono [&hellip;]<\/p>\n","protected":false},"author":4,"featured_media":95798,"comment_status":"closed","ping_status":"closed","sticky":false,"template":"","format":"standard","meta":{"om_disable_all_campaigns":false,"_jetpack_memberships_contains_paid_content":false,"footnotes":""},"categories":[2,103],"tags":[197,33,95,19],"class_list":["post-109001","post","type-post","status-publish","format-standard","has-post-thumbnail","hentry","category-locales","category-policiales-locales","tag-buenos-aires","tag-locales","tag-policiales","tag-san-pedro"],"aioseo_notices":[],"gutentor_comment":0,"jetpack_featured_media_url":"https:\/\/eldiariodesanpedro.com.ar\/sitio\/wp-content\/uploads\/2021\/07\/estafa-por-facebook.jpg","jetpack_shortlink":"https:\/\/wp.me\/p6RhLt-sm5","jetpack_sharing_enabled":true,"_links":{"self":[{"href":"https:\/\/eldiariodesanpedro.com.ar\/sitio\/wp-json\/wp\/v2\/posts\/109001","targetHints":{"allow":["GET"]}}],"collection":[{"href":"https:\/\/eldiariodesanpedro.com.ar\/sitio\/wp-json\/wp\/v2\/posts"}],"about":[{"href":"https:\/\/eldiariodesanpedro.com.ar\/sitio\/wp-json\/wp\/v2\/types\/post"}],"author":[{"embeddable":true,"href":"https:\/\/eldiariodesanpedro.com.ar\/sitio\/wp-json\/wp\/v2\/users\/4"}],"replies":[{"embeddable":true,"href":"https:\/\/eldiariodesanpedro.com.ar\/sitio\/wp-json\/wp\/v2\/comments?post=109001"}],"version-history":[{"count":1,"href":"https:\/\/eldiariodesanpedro.com.ar\/sitio\/wp-json\/wp\/v2\/posts\/109001\/revisions"}],"predecessor-version":[{"id":109002,"href":"https:\/\/eldiariodesanpedro.com.ar\/sitio\/wp-json\/wp\/v2\/posts\/109001\/revisions\/109002"}],"wp:featuredmedia":[{"embeddable":true,"href":"https:\/\/eldiariodesanpedro.com.ar\/sitio\/wp-json\/wp\/v2\/media\/95798"}],"wp:attachment":[{"href":"https:\/\/eldiariodesanpedro.com.ar\/sitio\/wp-json\/wp\/v2\/media?parent=109001"}],"wp:term":[{"taxonomy":"category","embeddable":true,"href":"https:\/\/eldiariodesanpedro.com.ar\/sitio\/wp-json\/wp\/v2\/categories?post=109001"},{"taxonomy":"post_tag","embeddable":true,"href":"https:\/\/eldiariodesanpedro.com.ar\/sitio\/wp-json\/wp\/v2\/tags?post=109001"}],"curies":[{"name":"wp","href":"https:\/\/api.w.org\/{rel}","templated":true}]}}