{"id":108999,"date":"2022-07-21T13:30:23","date_gmt":"2022-07-21T16:30:23","guid":{"rendered":"https:\/\/eldiariodesanpedro.com.ar\/sitio\/?p=108999"},"modified":"2022-07-21T13:30:24","modified_gmt":"2022-07-21T16:30:24","slug":"firma-de-un-nuevo-convenio-entre-el-centro-de-formacion-laboral-del-sec-y-el-ministerio-de-trabajo","status":"publish","type":"post","link":"https:\/\/eldiariodesanpedro.com.ar\/sitio\/firma-de-un-nuevo-convenio-entre-el-centro-de-formacion-laboral-del-sec-y-el-ministerio-de-trabajo\/","title":{"rendered":"Firma de un nuevo convenio entre el Centro de Formaci\u00f3n Laboral del SEC y el Ministerio de Trabajo"},"content":{"rendered":"<!-- VideographyWP Plugin Message: Automatic video embedding prevented by plugin options. -->\n\n<p>El Sindicato de Empleados de Comercio de San Pedro invita a participar este&nbsp;<strong>VIERNES 22 de julio a las 11 horas<\/strong>, en su sede de Pellegrini 472, de la firma de un nuevo convenio con el Ministerio de Trabajo de la Provincia de Buenos Aires y el Instituto de Formaci\u00f3n Laboral.<\/p>\n\n\n\n<p>A trav\u00e9s del mismo, desde el Centro de Formaci\u00f3n Laboral 402, el SEC con el apoyo del Ministerio y el respaldo de la FAECyS, Federaci\u00f3n Argentina de Empleados de Comercio y Servicios, incorporar\u00e1 nuevas carreras gratuitas en San Pedro, en las nuevas instalaciones alquiladas para tal fin, que ser\u00e1n refaccionadas por el gremio, en calle Mitre 455. &nbsp;<\/p>\n\n\n\n<p>En el acto en el que se brindar\u00e1 informaci\u00f3n sobre este gran acontecimiento estar\u00e1n presentes, la Ministra de Trabajo de la Provincia de Buenos Aires, Licenciada Mara Ruiz Malec, el Intendente Dr. Ram\u00f3n Salazar y autoridades locales y nacionales del Sindicato y la Federaci\u00f3n de Empleados de Comercio.<\/p>\n","protected":false},"excerpt":{"rendered":"<p>El Sindicato de Empleados de Comercio de San Pedro invita a participar este&nbsp;VIERNES 22 de julio a las 11 horas, en su sede de Pellegrini 472, de la firma de un nuevo convenio con el Ministerio de Trabajo de la Provincia de Buenos Aires y el Instituto de Formaci\u00f3n Laboral. A trav\u00e9s del mismo, desde [&hellip;]<\/p>\n","protected":false},"author":4,"featured_media":35091,"comment_status":"closed","ping_status":"closed","sticky":false,"template":"","format":"standard","meta":{"om_disable_all_campaigns":false,"_jetpack_memberships_contains_paid_content":false,"footnotes":""},"categories":[101,2],"tags":[197,696,33,19],"class_list":["post-108999","post","type-post","status-publish","format-standard","has-post-thumbnail","hentry","category-interes-general-locales","category-locales","tag-buenos-aires","tag-interes-general","tag-locales","tag-san-pedro"],"aioseo_notices":[],"gutentor_comment":0,"jetpack_featured_media_url":"https:\/\/eldiariodesanpedro.com.ar\/sitio\/wp-content\/uploads\/2018\/06\/sec.jpg","jetpack_shortlink":"https:\/\/wp.me\/p6RhLt-sm3","jetpack_sharing_enabled":true,"_links":{"self":[{"href":"https:\/\/eldiariodesanpedro.com.ar\/sitio\/wp-json\/wp\/v2\/posts\/108999","targetHints":{"allow":["GET"]}}],"collection":[{"href":"https:\/\/eldiariodesanpedro.com.ar\/sitio\/wp-json\/wp\/v2\/posts"}],"about":[{"href":"https:\/\/eldiariodesanpedro.com.ar\/sitio\/wp-json\/wp\/v2\/types\/post"}],"author":[{"embeddable":true,"href":"https:\/\/eldiariodesanpedro.com.ar\/sitio\/wp-json\/wp\/v2\/users\/4"}],"replies":[{"embeddable":true,"href":"https:\/\/eldiariodesanpedro.com.ar\/sitio\/wp-json\/wp\/v2\/comments?post=108999"}],"version-history":[{"count":1,"href":"https:\/\/eldiariodesanpedro.com.ar\/sitio\/wp-json\/wp\/v2\/posts\/108999\/revisions"}],"predecessor-version":[{"id":109000,"href":"https:\/\/eldiariodesanpedro.com.ar\/sitio\/wp-json\/wp\/v2\/posts\/108999\/revisions\/109000"}],"wp:featuredmedia":[{"embeddable":true,"href":"https:\/\/eldiariodesanpedro.com.ar\/sitio\/wp-json\/wp\/v2\/media\/35091"}],"wp:attachment":[{"href":"https:\/\/eldiariodesanpedro.com.ar\/sitio\/wp-json\/wp\/v2\/media?parent=108999"}],"wp:term":[{"taxonomy":"category","embeddable":true,"href":"https:\/\/eldiariodesanpedro.com.ar\/sitio\/wp-json\/wp\/v2\/categories?post=108999"},{"taxonomy":"post_tag","embeddable":true,"href":"https:\/\/eldiariodesanpedro.com.ar\/sitio\/wp-json\/wp\/v2\/tags?post=108999"}],"curies":[{"name":"wp","href":"https:\/\/api.w.org\/{rel}","templated":true}]}}