{"id":108997,"date":"2022-07-21T11:50:54","date_gmt":"2022-07-21T14:50:54","guid":{"rendered":"https:\/\/eldiariodesanpedro.com.ar\/sitio\/?p=108997"},"modified":"2022-07-21T11:50:55","modified_gmt":"2022-07-21T14:50:55","slug":"se-habilita-el-103-para-contactar-con-defensa-civil","status":"publish","type":"post","link":"https:\/\/eldiariodesanpedro.com.ar\/sitio\/se-habilita-el-103-para-contactar-con-defensa-civil\/","title":{"rendered":"Se habilita el 103 para contactar con Defensa Civil"},"content":{"rendered":"<!-- VideographyWP Plugin Message: Automatic video embedding prevented by plugin options. -->\n\n<p>La Municipalidad de San Pedro informa que a partir del s\u00e1bado 23 de julio quedar\u00e1 habilitada la l\u00ednea telef\u00f3nica 103 para contactar con Defensa Civil ante situaciones de emergencia que requieran su intervenci\u00f3n.<\/p>\n\n\n\n<p>La l\u00ednea 103 estar\u00e1 activa las 24 horas y ser\u00e1 atendida desde la Guardia de Bomberos Voluntarios, permitiendo de este modo la atenci\u00f3n y el registro de solicitudes desde el \u00e1rea que encabeza Fabio Giovanettoni, liberando la l\u00ednea telef\u00f3nica 100 para atender avisos de emergencia que requieran la intervenci\u00f3n de Bomberos Voluntarios.<\/p>\n","protected":false},"excerpt":{"rendered":"<p>La Municipalidad de San Pedro informa que a partir del s\u00e1bado 23 de julio quedar\u00e1 habilitada la l\u00ednea telef\u00f3nica 103 para contactar con Defensa Civil ante situaciones de emergencia que requieran su intervenci\u00f3n. La l\u00ednea 103 estar\u00e1 activa las 24 horas y ser\u00e1 atendida desde la Guardia de Bomberos Voluntarios, permitiendo de este modo la [&hellip;]<\/p>\n","protected":false},"author":4,"featured_media":16981,"comment_status":"closed","ping_status":"closed","sticky":false,"template":"","format":"standard","meta":{"om_disable_all_campaigns":false,"_jetpack_memberships_contains_paid_content":false,"footnotes":""},"categories":[101,2],"tags":[197,696,33,19],"class_list":["post-108997","post","type-post","status-publish","format-standard","has-post-thumbnail","hentry","category-interes-general-locales","category-locales","tag-buenos-aires","tag-interes-general","tag-locales","tag-san-pedro"],"aioseo_notices":[],"gutentor_comment":0,"jetpack_featured_media_url":"https:\/\/eldiariodesanpedro.com.ar\/sitio\/wp-content\/uploads\/2017\/04\/DSC_0007.jpg","jetpack_shortlink":"https:\/\/wp.me\/p6RhLt-sm1","jetpack_sharing_enabled":true,"_links":{"self":[{"href":"https:\/\/eldiariodesanpedro.com.ar\/sitio\/wp-json\/wp\/v2\/posts\/108997","targetHints":{"allow":["GET"]}}],"collection":[{"href":"https:\/\/eldiariodesanpedro.com.ar\/sitio\/wp-json\/wp\/v2\/posts"}],"about":[{"href":"https:\/\/eldiariodesanpedro.com.ar\/sitio\/wp-json\/wp\/v2\/types\/post"}],"author":[{"embeddable":true,"href":"https:\/\/eldiariodesanpedro.com.ar\/sitio\/wp-json\/wp\/v2\/users\/4"}],"replies":[{"embeddable":true,"href":"https:\/\/eldiariodesanpedro.com.ar\/sitio\/wp-json\/wp\/v2\/comments?post=108997"}],"version-history":[{"count":1,"href":"https:\/\/eldiariodesanpedro.com.ar\/sitio\/wp-json\/wp\/v2\/posts\/108997\/revisions"}],"predecessor-version":[{"id":108998,"href":"https:\/\/eldiariodesanpedro.com.ar\/sitio\/wp-json\/wp\/v2\/posts\/108997\/revisions\/108998"}],"wp:featuredmedia":[{"embeddable":true,"href":"https:\/\/eldiariodesanpedro.com.ar\/sitio\/wp-json\/wp\/v2\/media\/16981"}],"wp:attachment":[{"href":"https:\/\/eldiariodesanpedro.com.ar\/sitio\/wp-json\/wp\/v2\/media?parent=108997"}],"wp:term":[{"taxonomy":"category","embeddable":true,"href":"https:\/\/eldiariodesanpedro.com.ar\/sitio\/wp-json\/wp\/v2\/categories?post=108997"},{"taxonomy":"post_tag","embeddable":true,"href":"https:\/\/eldiariodesanpedro.com.ar\/sitio\/wp-json\/wp\/v2\/tags?post=108997"}],"curies":[{"name":"wp","href":"https:\/\/api.w.org\/{rel}","templated":true}]}}