{"id":108994,"date":"2022-07-20T14:49:19","date_gmt":"2022-07-20T17:49:19","guid":{"rendered":"https:\/\/eldiariodesanpedro.com.ar\/sitio\/?p=108994"},"modified":"2022-07-20T14:49:20","modified_gmt":"2022-07-20T17:49:20","slug":"se-recuperaron-dos-bicicletas-posiblemente-robadas-y-se-busca-a-sus-duenos","status":"publish","type":"post","link":"https:\/\/eldiariodesanpedro.com.ar\/sitio\/se-recuperaron-dos-bicicletas-posiblemente-robadas-y-se-busca-a-sus-duenos\/","title":{"rendered":"Se recuperaron dos bicicletas posiblemente robadas\u00a0 y se busca a sus due\u00f1os"},"content":{"rendered":"<!-- VideographyWP Plugin Message: Automatic video embedding prevented by plugin options. -->\n\n<p>Ayer promediando las 23:30 horas personal policial de la comisar\u00eda proceden al traslado de tres ciudadanos de 17, 18 y 20 a\u00f1os, dos de ellos con varios antecedentes delictivos por delitos de robo de bicicleta, quienes ten\u00edan en su poder dos bicicletas tipo mountainbike de dudosa procedencia, donde no pod\u00edan acreditar su propiedad quedando secuestrados en sede policial .&nbsp;<\/p>\n\n\n\n<p>Desde la polic\u00eda solicitaron a los medios de comunicaci\u00f3n difundir las im\u00e1genes de los rodados para dar con los posibles damnificados.<\/p>\n\n\n\n<p>Interviene la fiscal\u00eda juvenil de San Nicol\u00e1s<\/p>\n","protected":false},"excerpt":{"rendered":"<p>Ayer promediando las 23:30 horas personal policial de la comisar\u00eda proceden al traslado de tres ciudadanos de 17, 18 y 20 a\u00f1os, dos de ellos con varios antecedentes delictivos por delitos de robo de bicicleta, quienes ten\u00edan en su poder dos bicicletas tipo mountainbike de dudosa procedencia, donde no pod\u00edan acreditar su propiedad quedando secuestrados [&hellip;]<\/p>\n","protected":false},"author":4,"featured_media":108995,"comment_status":"closed","ping_status":"closed","sticky":false,"template":"","format":"standard","meta":{"om_disable_all_campaigns":false,"_jetpack_memberships_contains_paid_content":false,"footnotes":""},"categories":[2,103],"tags":[197,33,95,19],"class_list":["post-108994","post","type-post","status-publish","format-standard","has-post-thumbnail","hentry","category-locales","category-policiales-locales","tag-buenos-aires","tag-locales","tag-policiales","tag-san-pedro"],"aioseo_notices":[],"gutentor_comment":0,"jetpack_featured_media_url":"https:\/\/eldiariodesanpedro.com.ar\/sitio\/wp-content\/uploads\/2022\/07\/Sin-titulo-2-2.jpg","jetpack_shortlink":"https:\/\/wp.me\/p6RhLt-slY","jetpack_sharing_enabled":true,"_links":{"self":[{"href":"https:\/\/eldiariodesanpedro.com.ar\/sitio\/wp-json\/wp\/v2\/posts\/108994","targetHints":{"allow":["GET"]}}],"collection":[{"href":"https:\/\/eldiariodesanpedro.com.ar\/sitio\/wp-json\/wp\/v2\/posts"}],"about":[{"href":"https:\/\/eldiariodesanpedro.com.ar\/sitio\/wp-json\/wp\/v2\/types\/post"}],"author":[{"embeddable":true,"href":"https:\/\/eldiariodesanpedro.com.ar\/sitio\/wp-json\/wp\/v2\/users\/4"}],"replies":[{"embeddable":true,"href":"https:\/\/eldiariodesanpedro.com.ar\/sitio\/wp-json\/wp\/v2\/comments?post=108994"}],"version-history":[{"count":1,"href":"https:\/\/eldiariodesanpedro.com.ar\/sitio\/wp-json\/wp\/v2\/posts\/108994\/revisions"}],"predecessor-version":[{"id":108996,"href":"https:\/\/eldiariodesanpedro.com.ar\/sitio\/wp-json\/wp\/v2\/posts\/108994\/revisions\/108996"}],"wp:featuredmedia":[{"embeddable":true,"href":"https:\/\/eldiariodesanpedro.com.ar\/sitio\/wp-json\/wp\/v2\/media\/108995"}],"wp:attachment":[{"href":"https:\/\/eldiariodesanpedro.com.ar\/sitio\/wp-json\/wp\/v2\/media?parent=108994"}],"wp:term":[{"taxonomy":"category","embeddable":true,"href":"https:\/\/eldiariodesanpedro.com.ar\/sitio\/wp-json\/wp\/v2\/categories?post=108994"},{"taxonomy":"post_tag","embeddable":true,"href":"https:\/\/eldiariodesanpedro.com.ar\/sitio\/wp-json\/wp\/v2\/tags?post=108994"}],"curies":[{"name":"wp","href":"https:\/\/api.w.org\/{rel}","templated":true}]}}