{"id":108983,"date":"2022-07-20T13:37:10","date_gmt":"2022-07-20T16:37:10","guid":{"rendered":"https:\/\/eldiariodesanpedro.com.ar\/sitio\/?p=108983"},"modified":"2022-07-20T13:37:11","modified_gmt":"2022-07-20T16:37:11","slug":"un-ciudadano-aprehendido-por-un-nuevo-caso-de-violencia-de-genero-2","status":"publish","type":"post","link":"https:\/\/eldiariodesanpedro.com.ar\/sitio\/un-ciudadano-aprehendido-por-un-nuevo-caso-de-violencia-de-genero-2\/","title":{"rendered":"Un ciudadano aprehendido por un nuevo caso de violencia de g\u00e9nero"},"content":{"rendered":"<!-- VideographyWP Plugin Message: Automatic video embedding prevented by plugin options. -->\n\n<p>En la jornada de ayer promediando las 19 hs el personal policial es alertado por un llamado&nbsp; 911 emergencias por un conflicto de \u00edndole familiar constituido en calle Gomila al 100, donde proceden a la aprehensi\u00f3n y trasladado de un ciudadano mayor de edad de 59 a\u00f1os tras amenazar verbalmente y agredir f\u00edsicamente no ocasionado lesiones a su pareja de 42 a\u00f1os.<br>La mujer fue asistida en la Comisaria de la Mujer y la Familia.&nbsp;<\/p>\n\n\n\n<p>Interviniendo la UFI 05 local en turno disponiendo el alojamiento del masculino a la espera de ser remitido a sede fiscal para su indagatoria.-&nbsp;<\/p>\n","protected":false},"excerpt":{"rendered":"<p>En la jornada de ayer promediando las 19 hs el personal policial es alertado por un llamado&nbsp; 911 emergencias por un conflicto de \u00edndole familiar constituido en calle Gomila al 100, donde proceden a la aprehensi\u00f3n y trasladado de un ciudadano mayor de edad de 59 a\u00f1os tras amenazar verbalmente y agredir f\u00edsicamente no ocasionado [&hellip;]<\/p>\n","protected":false},"author":4,"featured_media":108984,"comment_status":"closed","ping_status":"closed","sticky":false,"template":"","format":"standard","meta":{"om_disable_all_campaigns":false,"_jetpack_memberships_contains_paid_content":false,"footnotes":""},"categories":[2,103],"tags":[197,33,95,19],"class_list":["post-108983","post","type-post","status-publish","format-standard","has-post-thumbnail","hentry","category-locales","category-policiales-locales","tag-buenos-aires","tag-locales","tag-policiales","tag-san-pedro"],"aioseo_notices":[],"gutentor_comment":0,"jetpack_featured_media_url":"https:\/\/eldiariodesanpedro.com.ar\/sitio\/wp-content\/uploads\/2022\/07\/Sin-titulo-2-1.jpg","jetpack_shortlink":"https:\/\/wp.me\/p6RhLt-slN","jetpack_sharing_enabled":true,"_links":{"self":[{"href":"https:\/\/eldiariodesanpedro.com.ar\/sitio\/wp-json\/wp\/v2\/posts\/108983","targetHints":{"allow":["GET"]}}],"collection":[{"href":"https:\/\/eldiariodesanpedro.com.ar\/sitio\/wp-json\/wp\/v2\/posts"}],"about":[{"href":"https:\/\/eldiariodesanpedro.com.ar\/sitio\/wp-json\/wp\/v2\/types\/post"}],"author":[{"embeddable":true,"href":"https:\/\/eldiariodesanpedro.com.ar\/sitio\/wp-json\/wp\/v2\/users\/4"}],"replies":[{"embeddable":true,"href":"https:\/\/eldiariodesanpedro.com.ar\/sitio\/wp-json\/wp\/v2\/comments?post=108983"}],"version-history":[{"count":1,"href":"https:\/\/eldiariodesanpedro.com.ar\/sitio\/wp-json\/wp\/v2\/posts\/108983\/revisions"}],"predecessor-version":[{"id":108985,"href":"https:\/\/eldiariodesanpedro.com.ar\/sitio\/wp-json\/wp\/v2\/posts\/108983\/revisions\/108985"}],"wp:featuredmedia":[{"embeddable":true,"href":"https:\/\/eldiariodesanpedro.com.ar\/sitio\/wp-json\/wp\/v2\/media\/108984"}],"wp:attachment":[{"href":"https:\/\/eldiariodesanpedro.com.ar\/sitio\/wp-json\/wp\/v2\/media?parent=108983"}],"wp:term":[{"taxonomy":"category","embeddable":true,"href":"https:\/\/eldiariodesanpedro.com.ar\/sitio\/wp-json\/wp\/v2\/categories?post=108983"},{"taxonomy":"post_tag","embeddable":true,"href":"https:\/\/eldiariodesanpedro.com.ar\/sitio\/wp-json\/wp\/v2\/tags?post=108983"}],"curies":[{"name":"wp","href":"https:\/\/api.w.org\/{rel}","templated":true}]}}