{"id":108975,"date":"2022-07-20T12:37:13","date_gmt":"2022-07-20T15:37:13","guid":{"rendered":"https:\/\/eldiariodesanpedro.com.ar\/sitio\/?p=108975"},"modified":"2022-07-20T12:37:14","modified_gmt":"2022-07-20T15:37:14","slug":"nueva-edicion-de-mercados-bonaerenses","status":"publish","type":"post","link":"https:\/\/eldiariodesanpedro.com.ar\/sitio\/nueva-edicion-de-mercados-bonaerenses\/","title":{"rendered":"Nueva edici\u00f3n de Mercados Bonaerenses"},"content":{"rendered":"<!-- VideographyWP Plugin Message: Automatic video embedding prevented by plugin options. -->\n\n<p>La Municipalidad de San Pedro, a trav\u00e9s de la Secretar\u00eda de Desarrollo Econ\u00f3mico informa que se encuentra abierta la inscripci\u00f3n para peque\u00f1os productores y elaboradores de alimentos al programa Mercados Bonaerenses que se desarrollar\u00e1 el s\u00e1bado 6 de agosto en la Plazoleta Fray Cayetano Rodr\u00edguez.<\/p>\n\n\n\n<p>Para formar parte de la feria se deber\u00e1 completar el formulario desde el link: <a href=\"https:\/\/bit.ly\/3ohUwT2\">https:\/\/bit.ly\/3ohUwT2<\/a><\/p>\n\n\n\n<p>En caso de dudas o consultas se podr\u00e1n comunicar con la Secretar\u00eda de Desarrollo Econ\u00f3mico por redes sociales o por whatsapp al 3329648530.<\/p>\n","protected":false},"excerpt":{"rendered":"<p>La Municipalidad de San Pedro, a trav\u00e9s de la Secretar\u00eda de Desarrollo Econ\u00f3mico informa que se encuentra abierta la inscripci\u00f3n para peque\u00f1os productores y elaboradores de alimentos al programa Mercados Bonaerenses que se desarrollar\u00e1 el s\u00e1bado 6 de agosto en la Plazoleta Fray Cayetano Rodr\u00edguez. Para formar parte de la feria se deber\u00e1 completar el [&hellip;]<\/p>\n","protected":false},"author":4,"featured_media":108594,"comment_status":"closed","ping_status":"closed","sticky":false,"template":"","format":"standard","meta":{"om_disable_all_campaigns":false,"_jetpack_memberships_contains_paid_content":false,"footnotes":""},"categories":[50,101,2],"tags":[197,696,33,19],"class_list":["post-108975","post","type-post","status-publish","format-standard","has-post-thumbnail","hentry","category-destacadas","category-interes-general-locales","category-locales","tag-buenos-aires","tag-interes-general","tag-locales","tag-san-pedro"],"aioseo_notices":[],"gutentor_comment":0,"jetpack_featured_media_url":"https:\/\/eldiariodesanpedro.com.ar\/sitio\/wp-content\/uploads\/2022\/07\/WhatsApp-Image-2022-07-02-at-3.27.14-PM.jpeg","jetpack_shortlink":"https:\/\/wp.me\/p6RhLt-slF","jetpack_sharing_enabled":true,"_links":{"self":[{"href":"https:\/\/eldiariodesanpedro.com.ar\/sitio\/wp-json\/wp\/v2\/posts\/108975","targetHints":{"allow":["GET"]}}],"collection":[{"href":"https:\/\/eldiariodesanpedro.com.ar\/sitio\/wp-json\/wp\/v2\/posts"}],"about":[{"href":"https:\/\/eldiariodesanpedro.com.ar\/sitio\/wp-json\/wp\/v2\/types\/post"}],"author":[{"embeddable":true,"href":"https:\/\/eldiariodesanpedro.com.ar\/sitio\/wp-json\/wp\/v2\/users\/4"}],"replies":[{"embeddable":true,"href":"https:\/\/eldiariodesanpedro.com.ar\/sitio\/wp-json\/wp\/v2\/comments?post=108975"}],"version-history":[{"count":1,"href":"https:\/\/eldiariodesanpedro.com.ar\/sitio\/wp-json\/wp\/v2\/posts\/108975\/revisions"}],"predecessor-version":[{"id":108976,"href":"https:\/\/eldiariodesanpedro.com.ar\/sitio\/wp-json\/wp\/v2\/posts\/108975\/revisions\/108976"}],"wp:featuredmedia":[{"embeddable":true,"href":"https:\/\/eldiariodesanpedro.com.ar\/sitio\/wp-json\/wp\/v2\/media\/108594"}],"wp:attachment":[{"href":"https:\/\/eldiariodesanpedro.com.ar\/sitio\/wp-json\/wp\/v2\/media?parent=108975"}],"wp:term":[{"taxonomy":"category","embeddable":true,"href":"https:\/\/eldiariodesanpedro.com.ar\/sitio\/wp-json\/wp\/v2\/categories?post=108975"},{"taxonomy":"post_tag","embeddable":true,"href":"https:\/\/eldiariodesanpedro.com.ar\/sitio\/wp-json\/wp\/v2\/tags?post=108975"}],"curies":[{"name":"wp","href":"https:\/\/api.w.org\/{rel}","templated":true}]}}