{"id":108968,"date":"2022-07-20T11:41:13","date_gmt":"2022-07-20T14:41:13","guid":{"rendered":"https:\/\/eldiariodesanpedro.com.ar\/sitio\/?p=108968"},"modified":"2022-07-20T11:41:14","modified_gmt":"2022-07-20T14:41:14","slug":"funcion-gratuita-para-jovenes-del-programa-barrio-adentro-y-los-hogares-sarmiento-y-maria-de-gomendio-en-sala-cuarta-pared","status":"publish","type":"post","link":"https:\/\/eldiariodesanpedro.com.ar\/sitio\/funcion-gratuita-para-jovenes-del-programa-barrio-adentro-y-los-hogares-sarmiento-y-maria-de-gomendio-en-sala-cuarta-pared\/","title":{"rendered":"Funci\u00f3n gratuita para j\u00f3venes del programa Barrio Adentro y los hogares Sarmiento y Mar\u00eda de Gomendio en Sala Cuarta Pared"},"content":{"rendered":"<!-- VideographyWP Plugin Message: Automatic video embedding prevented by plugin options. -->\n\n<p>Este lunes los j\u00f3venes del Programa Barrio Adentro, implementado en el barrio Hermano Indio por la Secretar\u00eda de Desarrollo Humano, junto con los ni\u00f1os y ni\u00f1as que se encuentran en los Hogares Mar\u00eda de Gomendio y Sarmiento concurrieron a la Sala Cuarta Pared a ver el estreno de la obra infantil Los Locos Addams acompa\u00f1ados por el Secretario de Desarrollo Humano Walter S\u00e1nchez y por los equipos t\u00e9cnicos del \u00e1rea.<\/p>\n\n\n\n<p>Se agradece por este medio a la Sala Cuarta Pared, por brindar esta funci\u00f3n para los chicos y chicas de manera gratuita.<\/p>\n","protected":false},"excerpt":{"rendered":"<p>Este lunes los j\u00f3venes del Programa Barrio Adentro, implementado en el barrio Hermano Indio por la Secretar\u00eda de Desarrollo Humano, junto con los ni\u00f1os y ni\u00f1as que se encuentran en los Hogares Mar\u00eda de Gomendio y Sarmiento concurrieron a la Sala Cuarta Pared a ver el estreno de la obra infantil Los Locos Addams acompa\u00f1ados [&hellip;]<\/p>\n","protected":false},"author":4,"featured_media":108969,"comment_status":"closed","ping_status":"closed","sticky":false,"template":"","format":"standard","meta":{"om_disable_all_campaigns":false,"_jetpack_memberships_contains_paid_content":false,"footnotes":""},"categories":[50,101,2],"tags":[197,696,33,19],"class_list":["post-108968","post","type-post","status-publish","format-standard","has-post-thumbnail","hentry","category-destacadas","category-interes-general-locales","category-locales","tag-buenos-aires","tag-interes-general","tag-locales","tag-san-pedro"],"aioseo_notices":[],"gutentor_comment":0,"jetpack_featured_media_url":"https:\/\/eldiariodesanpedro.com.ar\/sitio\/wp-content\/uploads\/2022\/07\/WhatsApp-Image-2022-07-19-at-1.54.06-PM.jpeg","jetpack_shortlink":"https:\/\/wp.me\/p6RhLt-sly","jetpack_sharing_enabled":true,"_links":{"self":[{"href":"https:\/\/eldiariodesanpedro.com.ar\/sitio\/wp-json\/wp\/v2\/posts\/108968","targetHints":{"allow":["GET"]}}],"collection":[{"href":"https:\/\/eldiariodesanpedro.com.ar\/sitio\/wp-json\/wp\/v2\/posts"}],"about":[{"href":"https:\/\/eldiariodesanpedro.com.ar\/sitio\/wp-json\/wp\/v2\/types\/post"}],"author":[{"embeddable":true,"href":"https:\/\/eldiariodesanpedro.com.ar\/sitio\/wp-json\/wp\/v2\/users\/4"}],"replies":[{"embeddable":true,"href":"https:\/\/eldiariodesanpedro.com.ar\/sitio\/wp-json\/wp\/v2\/comments?post=108968"}],"version-history":[{"count":1,"href":"https:\/\/eldiariodesanpedro.com.ar\/sitio\/wp-json\/wp\/v2\/posts\/108968\/revisions"}],"predecessor-version":[{"id":108970,"href":"https:\/\/eldiariodesanpedro.com.ar\/sitio\/wp-json\/wp\/v2\/posts\/108968\/revisions\/108970"}],"wp:featuredmedia":[{"embeddable":true,"href":"https:\/\/eldiariodesanpedro.com.ar\/sitio\/wp-json\/wp\/v2\/media\/108969"}],"wp:attachment":[{"href":"https:\/\/eldiariodesanpedro.com.ar\/sitio\/wp-json\/wp\/v2\/media?parent=108968"}],"wp:term":[{"taxonomy":"category","embeddable":true,"href":"https:\/\/eldiariodesanpedro.com.ar\/sitio\/wp-json\/wp\/v2\/categories?post=108968"},{"taxonomy":"post_tag","embeddable":true,"href":"https:\/\/eldiariodesanpedro.com.ar\/sitio\/wp-json\/wp\/v2\/tags?post=108968"}],"curies":[{"name":"wp","href":"https:\/\/api.w.org\/{rel}","templated":true}]}}