{"id":108963,"date":"2022-07-20T11:32:52","date_gmt":"2022-07-20T14:32:52","guid":{"rendered":"https:\/\/eldiariodesanpedro.com.ar\/sitio\/?p=108963"},"modified":"2022-07-20T11:32:52","modified_gmt":"2022-07-20T14:32:52","slug":"cuarta-edicion-de-la-fiesta-de-la-naranja-de-ombligo","status":"publish","type":"post","link":"https:\/\/eldiariodesanpedro.com.ar\/sitio\/cuarta-edicion-de-la-fiesta-de-la-naranja-de-ombligo\/","title":{"rendered":"Cuarta edici\u00f3n de la Fiesta de la Naranja de Ombligo"},"content":{"rendered":"<!-- VideographyWP Plugin Message: Automatic video embedding prevented by plugin options. -->\n\n<p>Este s\u00e1bado 23 y domingo 24 de julio se realizar\u00e1 la cuarta edici\u00f3n de la Fiesta de la Naranja de Ombligo que lleva adelante la Municipalidad de San Pedro junto a INTA, CAPROEM, SENASA, INASE y la C\u00e1mara de viveristas.<\/p>\n\n\n\n<p>El evento se desarrollar\u00e1 frente a la Municipalidad y contar\u00e1 con shows en vivo, concursos, talleres, exhibici\u00f3n de embaladores, visitas guiadas, feria de artesanos, puestos de emprendedores, carpa de productores, paseo gastron\u00f3mico y los cierres musicales de Francisco Cuestas, Destino San Javier, Los Maldonado y un tributo a Los Fabulosos Cadillacs a cargo de \u201cYo te avis\u00e9\u201d.<\/p>\n\n\n\n<p>Grilla de actividades:<\/p>\n\n\n\n<p>S\u00e1bado 23:<br>9.00 hs. \u2013 Circuito guiado (Inscripci\u00f3n en la Casona de Turismo de Mitre y Liniers o por tel\u00e9fono al 03329- 422050)<br>14.00 hs. \u2013 Taller de reciclado<br>14.30 hs. \u2013 Ballet A\u00f1oranzas de Gobernador Castro<br>15.00 hs. \u2013 Los Chamacumbias<br>16.00 hs. \u2013 Exhibici\u00f3n de embaladores<br>16.30 hs. \u2013 Concurso \u201cNaranja Infinita\u201d<br>17.00 hs. \u2013 Alma Criolla<br>17.30 hs. \u2013 Super Sound y Taller de ni\u00f1os<br>18.30 hs. \u2013 Oro Verde<br>19.00 hs. \u2013 Francisco Cuestas<br>20.00 hs. Destino San Javier<\/p>\n\n\n\n<p>Domingo 24:<br>9.00 hs. \u2013 Circuito guiado (Inscripci\u00f3n en la Casona de Turismo de Mitre y Liniers o por tel\u00e9fono al 03329- 422050)<br>13.00 hs. \u2013 Taller de reciclado<br>13.30 hs. \u2013 Renacer Criollo<br>14.00 hs. \u2013 Actividad con productores de la miel<br>14.30 hs. \u2013 Taller de la Prof. Marcela Campora<br>15.00 hs. \u2013 Exhibici\u00f3n de Embaladores<br>15.30 hs. \u2013 Final del concurso \u201cNaranja Infinita\u201d<br>16.00 hs. \u2013 Joel Egel<br>17.00 hs. \u2013 Taller de elaboraci\u00f3n de ensaimadas de la Agrupaci\u00f3n Mallorca<br>17.30 hs. \u2013 Coraz\u00f3n de mi Pueblo<br>18.00 hs. \u2013 Los Maldonado<br>19.00 hs. \u2013 Yo te avis\u00e9 (Tributo a los Fabulosos Cadillacs)<\/p>\n\n\n\n<figure class=\"wp-block-image size-full\"><img decoding=\"async\" width=\"630\" height=\"630\" data-attachment-id=\"108966\" data-permalink=\"https:\/\/eldiariodesanpedro.com.ar\/sitio\/cuarta-edicion-de-la-fiesta-de-la-naranja-de-ombligo\/whatsapp-image-2022-07-19-at-9-52-32-am\/\" data-orig-file=\"https:\/\/eldiariodesanpedro.com.ar\/sitio\/wp-content\/uploads\/2022\/07\/WhatsApp-Image-2022-07-19-at-9.52.32-AM.jpeg\" data-orig-size=\"630,630\" data-comments-opened=\"0\" data-image-meta=\"{&quot;aperture&quot;:&quot;0&quot;,&quot;credit&quot;:&quot;&quot;,&quot;camera&quot;:&quot;&quot;,&quot;caption&quot;:&quot;&quot;,&quot;created_timestamp&quot;:&quot;0&quot;,&quot;copyright&quot;:&quot;&quot;,&quot;focal_length&quot;:&quot;0&quot;,&quot;iso&quot;:&quot;0&quot;,&quot;shutter_speed&quot;:&quot;0&quot;,&quot;title&quot;:&quot;&quot;,&quot;orientation&quot;:&quot;0&quot;}\" data-image-title=\"WhatsApp Image 2022-07-19 at 9.52.32 AM\" data-image-description=\"\" data-image-caption=\"\" data-large-file=\"https:\/\/eldiariodesanpedro.com.ar\/sitio\/wp-content\/uploads\/2022\/07\/WhatsApp-Image-2022-07-19-at-9.52.32-AM.jpeg\" data-src=\"https:\/\/eldiariodesanpedro.com.ar\/sitio\/wp-content\/uploads\/2022\/07\/WhatsApp-Image-2022-07-19-at-9.52.32-AM.jpeg\" alt=\"\" class=\"wp-image-108966 lazyload\" data-srcset=\"https:\/\/eldiariodesanpedro.com.ar\/sitio\/wp-content\/uploads\/2022\/07\/WhatsApp-Image-2022-07-19-at-9.52.32-AM.jpeg 630w, https:\/\/eldiariodesanpedro.com.ar\/sitio\/wp-content\/uploads\/2022\/07\/WhatsApp-Image-2022-07-19-at-9.52.32-AM-300x300.jpeg 300w, https:\/\/eldiariodesanpedro.com.ar\/sitio\/wp-content\/uploads\/2022\/07\/WhatsApp-Image-2022-07-19-at-9.52.32-AM-150x150.jpeg 150w\" data-sizes=\"(max-width: 630px) 100vw, 630px\" src=\"data:image\/svg+xml;base64,PHN2ZyB3aWR0aD0iMSIgaGVpZ2h0PSIxIiB4bWxucz0iaHR0cDovL3d3dy53My5vcmcvMjAwMC9zdmciPjwvc3ZnPg==\" style=\"--smush-placeholder-width: 630px; --smush-placeholder-aspect-ratio: 630\/630;\" \/><\/figure>\n\n\n\n<figure class=\"wp-block-image size-full\"><img decoding=\"async\" width=\"630\" height=\"630\" data-attachment-id=\"108965\" data-permalink=\"https:\/\/eldiariodesanpedro.com.ar\/sitio\/cuarta-edicion-de-la-fiesta-de-la-naranja-de-ombligo\/whatsapp-image-2022-07-19-at-9-52-32-am-1\/\" data-orig-file=\"https:\/\/eldiariodesanpedro.com.ar\/sitio\/wp-content\/uploads\/2022\/07\/WhatsApp-Image-2022-07-19-at-9.52.32-AM-1.jpeg\" data-orig-size=\"630,630\" data-comments-opened=\"0\" data-image-meta=\"{&quot;aperture&quot;:&quot;0&quot;,&quot;credit&quot;:&quot;&quot;,&quot;camera&quot;:&quot;&quot;,&quot;caption&quot;:&quot;&quot;,&quot;created_timestamp&quot;:&quot;0&quot;,&quot;copyright&quot;:&quot;&quot;,&quot;focal_length&quot;:&quot;0&quot;,&quot;iso&quot;:&quot;0&quot;,&quot;shutter_speed&quot;:&quot;0&quot;,&quot;title&quot;:&quot;&quot;,&quot;orientation&quot;:&quot;0&quot;}\" data-image-title=\"WhatsApp Image 2022-07-19 at 9.52.32 AM (1)\" data-image-description=\"\" data-image-caption=\"\" data-large-file=\"https:\/\/eldiariodesanpedro.com.ar\/sitio\/wp-content\/uploads\/2022\/07\/WhatsApp-Image-2022-07-19-at-9.52.32-AM-1.jpeg\" data-src=\"https:\/\/eldiariodesanpedro.com.ar\/sitio\/wp-content\/uploads\/2022\/07\/WhatsApp-Image-2022-07-19-at-9.52.32-AM-1.jpeg\" alt=\"\" class=\"wp-image-108965 lazyload\" data-srcset=\"https:\/\/eldiariodesanpedro.com.ar\/sitio\/wp-content\/uploads\/2022\/07\/WhatsApp-Image-2022-07-19-at-9.52.32-AM-1.jpeg 630w, https:\/\/eldiariodesanpedro.com.ar\/sitio\/wp-content\/uploads\/2022\/07\/WhatsApp-Image-2022-07-19-at-9.52.32-AM-1-300x300.jpeg 300w, https:\/\/eldiariodesanpedro.com.ar\/sitio\/wp-content\/uploads\/2022\/07\/WhatsApp-Image-2022-07-19-at-9.52.32-AM-1-150x150.jpeg 150w\" data-sizes=\"(max-width: 630px) 100vw, 630px\" src=\"data:image\/svg+xml;base64,PHN2ZyB3aWR0aD0iMSIgaGVpZ2h0PSIxIiB4bWxucz0iaHR0cDovL3d3dy53My5vcmcvMjAwMC9zdmciPjwvc3ZnPg==\" style=\"--smush-placeholder-width: 630px; --smush-placeholder-aspect-ratio: 630\/630;\" \/><\/figure>\n","protected":false},"excerpt":{"rendered":"<p>Este s\u00e1bado 23 y domingo 24 de julio se realizar\u00e1 la cuarta edici\u00f3n de la Fiesta de la Naranja de Ombligo que lleva adelante la Municipalidad de San Pedro junto a INTA, CAPROEM, SENASA, INASE y la C\u00e1mara de viveristas. El evento se desarrollar\u00e1 frente a la Municipalidad y contar\u00e1 con shows en vivo, concursos, [&hellip;]<\/p>\n","protected":false},"author":4,"featured_media":108964,"comment_status":"closed","ping_status":"closed","sticky":false,"template":"","format":"standard","meta":{"om_disable_all_campaigns":false,"_jetpack_memberships_contains_paid_content":false,"footnotes":""},"categories":[50,101,2],"tags":[197,696,33,19],"class_list":["post-108963","post","type-post","status-publish","format-standard","has-post-thumbnail","hentry","category-destacadas","category-interes-general-locales","category-locales","tag-buenos-aires","tag-interes-general","tag-locales","tag-san-pedro"],"aioseo_notices":[],"gutentor_comment":0,"jetpack_featured_media_url":"https:\/\/eldiariodesanpedro.com.ar\/sitio\/wp-content\/uploads\/2022\/07\/Sin-titulo-2.jpg","jetpack_shortlink":"https:\/\/wp.me\/p6RhLt-slt","jetpack_sharing_enabled":true,"_links":{"self":[{"href":"https:\/\/eldiariodesanpedro.com.ar\/sitio\/wp-json\/wp\/v2\/posts\/108963","targetHints":{"allow":["GET"]}}],"collection":[{"href":"https:\/\/eldiariodesanpedro.com.ar\/sitio\/wp-json\/wp\/v2\/posts"}],"about":[{"href":"https:\/\/eldiariodesanpedro.com.ar\/sitio\/wp-json\/wp\/v2\/types\/post"}],"author":[{"embeddable":true,"href":"https:\/\/eldiariodesanpedro.com.ar\/sitio\/wp-json\/wp\/v2\/users\/4"}],"replies":[{"embeddable":true,"href":"https:\/\/eldiariodesanpedro.com.ar\/sitio\/wp-json\/wp\/v2\/comments?post=108963"}],"version-history":[{"count":1,"href":"https:\/\/eldiariodesanpedro.com.ar\/sitio\/wp-json\/wp\/v2\/posts\/108963\/revisions"}],"predecessor-version":[{"id":108967,"href":"https:\/\/eldiariodesanpedro.com.ar\/sitio\/wp-json\/wp\/v2\/posts\/108963\/revisions\/108967"}],"wp:featuredmedia":[{"embeddable":true,"href":"https:\/\/eldiariodesanpedro.com.ar\/sitio\/wp-json\/wp\/v2\/media\/108964"}],"wp:attachment":[{"href":"https:\/\/eldiariodesanpedro.com.ar\/sitio\/wp-json\/wp\/v2\/media?parent=108963"}],"wp:term":[{"taxonomy":"category","embeddable":true,"href":"https:\/\/eldiariodesanpedro.com.ar\/sitio\/wp-json\/wp\/v2\/categories?post=108963"},{"taxonomy":"post_tag","embeddable":true,"href":"https:\/\/eldiariodesanpedro.com.ar\/sitio\/wp-json\/wp\/v2\/tags?post=108963"}],"curies":[{"name":"wp","href":"https:\/\/api.w.org\/{rel}","templated":true}]}}